{"id":69445,"date":"2021-03-14T19:16:11","date_gmt":"2021-03-15T01:16:11","guid":{"rendered":"http:\/\/www.lospoliticosveracruz.com.mx\/?p=69445"},"modified":"2021-03-14T19:16:16","modified_gmt":"2021-03-15T01:16:16","slug":"amenazas-audios-y-videos","status":"publish","type":"post","link":"https:\/\/lospoliticosveracruz.com.mx\/?p=69445","title":{"rendered":"Amenazas, audios y videos"},"content":{"rendered":"\n<p>La se\u00f1ora Guillermina Alvarado Gonz\u00e1lez, ex esposa de Rogelio Franco Cast\u00e1n, cumpli\u00f3 las amenazas en donde le advert\u00eda que si no se hac\u00eda lo que ella ped\u00eda el \u00fanico perjudicado iba a ser \u00e9l.<\/p>\n\n\n\n<p>\u201cNo estoy jugando Franco \u00bfeh?, no me hagas tomar decisiones que el \u00fanico perjudicado que vas a salir eres t\u00fa \u00bfeh?. No me hagas tomar las peores decisiones de mi vida\u201d, as\u00ed se expres\u00f3 en alguno de los audios que se han filtrado.<\/p>\n\n\n\n<p>En parte de un audio tambi\u00e9n se puede escuchar amenazas como esta: \u201cCuidadito y te largas a un pinche lado porque te carga la puta madre, me vale madre todo en la vida \u00bfeh?, \u00f3yelo bien, me vale madre todo. Ya me tienes cansada pendejo\u201d.<\/p>\n\n\n\n<p>\u201cTe dije que corrieras a Miguel y ah\u00ed lo traes todav\u00eda hijo de la chingada, \u00bfeh?, te dije que lo corrieras y ah\u00ed lo traes. No estoy jugando Franco \u00bfeh?, no me hagas tomar decisiones que el \u00fanico perjudicado que vas a salir eres t\u00fa \u00bfeh?. No me hagas tomar las peores decisiones de mi vida\u201d, remata la se\u00f1ora Guillermina Alvarado.<\/p>\n\n\n\n<p>La se\u00f1ora se queja de violencia cuando ella misma ha ejercido violencia intrafamiliar no s\u00f3lo contra su ex esposo, sino tambi\u00e9n contra sus tres hijas, una de ellas menor de edad.<\/p>\n\n\n\n<p>Fue que ante las constantes agresiones, amenazas y falta de apoyo que recib\u00edan de parte de su mam\u00e1 que las dos j\u00f3venes tomaron la decisi\u00f3n de salirse de su hogar e irse a vivir con su padre, llev\u00e1ndose con ellas a su hermana menor.<\/p>\n\n\n\n<p>En sus redes sociales Guillermina Alvarado se maneja como una f\u00e9rrea defensora de los derechos de las mujeres, pero en la realidad sus tres hijas se sintieron desprotegidas y expuestas, en todos los sentidos, cuando viv\u00edan con ella.<\/p>\n\n\n\n<p>A\u00fan la mayor, que s\u00f3lo es hija de ella, recibi\u00f3 el apoyo de su padre adoptivo y prefiri\u00f3 irse, junto con sus hermanas, a vivir con \u00e9l y formar un nuevo hogar.<\/p>\n","protected":false},"excerpt":{"rendered":"<p>La se\u00f1ora Guillermina Alvarado Gonz\u00e1lez, ex esposa de Rogelio Franco Cast\u00e1n, cumpli\u00f3 las amenazas en donde le advert\u00eda que si no se hac\u00eda lo que ella ped\u00eda el \u00fanico perjudicado iba a ser \u00e9l. \u201cNo estoy jugando Franco \u00bfeh?, no me hagas tomar decisiones que el \u00fanico perjudicado que vas a salir eres t\u00fa \u00bfeh?. [&hellip;]<\/p>\n","protected":false},"author":2,"featured_media":0,"comment_status":"open","ping_status":"open","sticky":false,"template":"","format":"standard","meta":{"_jetpack_newsletter_access":"","_jetpack_dont_email_post_to_subs":false,"_jetpack_newsletter_tier_id":0,"_jetpack_memberships_contains_paywalled_content":false,"_jetpack_memberships_contains_paid_content":false,"footnotes":""},"categories":[74],"tags":[8606,808],"class_list":["post-69445","post","type-post","status-publish","format-standard","hentry","category-lavadero","tag-guillermina-alvarado-gonzalez","tag-rogelio-franco-castan"],"jetpack_featured_media_url":"","jetpack_sharing_enabled":true,"jetpack_shortlink":"https:\/\/wp.me\/p4Qcd3-i45","_links":{"self":[{"href":"https:\/\/lospoliticosveracruz.com.mx\/index.php?rest_route=\/wp\/v2\/posts\/69445","targetHints":{"allow":["GET"]}}],"collection":[{"href":"https:\/\/lospoliticosveracruz.com.mx\/index.php?rest_route=\/wp\/v2\/posts"}],"about":[{"href":"https:\/\/lospoliticosveracruz.com.mx\/index.php?rest_route=\/wp\/v2\/types\/post"}],"author":[{"embeddable":true,"href":"https:\/\/lospoliticosveracruz.com.mx\/index.php?rest_route=\/wp\/v2\/users\/2"}],"replies":[{"embeddable":true,"href":"https:\/\/lospoliticosveracruz.com.mx\/index.php?rest_route=%2Fwp%2Fv2%2Fcomments&post=69445"}],"version-history":[{"count":1,"href":"https:\/\/lospoliticosveracruz.com.mx\/index.php?rest_route=\/wp\/v2\/posts\/69445\/revisions"}],"predecessor-version":[{"id":69447,"href":"https:\/\/lospoliticosveracruz.com.mx\/index.php?rest_route=\/wp\/v2\/posts\/69445\/revisions\/69447"}],"wp:attachment":[{"href":"https:\/\/lospoliticosveracruz.com.mx\/index.php?rest_route=%2Fwp%2Fv2%2Fmedia&parent=69445"}],"wp:term":[{"taxonomy":"category","embeddable":true,"href":"https:\/\/lospoliticosveracruz.com.mx\/index.php?rest_route=%2Fwp%2Fv2%2Fcategories&post=69445"},{"taxonomy":"post_tag","embeddable":true,"href":"https:\/\/lospoliticosveracruz.com.mx\/index.php?rest_route=%2Fwp%2Fv2%2Ftags&post=69445"}],"curies":[{"name":"wp","href":"https:\/\/api.w.org\/{rel}","templated":true}]}}