{"id":69624,"date":"2021-03-17T18:33:11","date_gmt":"2021-03-18T00:33:11","guid":{"rendered":"http:\/\/www.lospoliticosveracruz.com.mx\/?p=69624"},"modified":"2021-03-17T18:33:31","modified_gmt":"2021-03-18T00:33:31","slug":"justicia-y-libertad-para-franco-maym","status":"publish","type":"post","link":"https:\/\/lospoliticosveracruz.com.mx\/?p=69624","title":{"rendered":"\u00a1Justicia y libertad para Franco!: MAYM"},"content":{"rendered":"\n<p><strong>Tuxpan<\/strong><br>Miguel \u00c1ngel Yunes M\u00e1rquez particip\u00f3 en la marcha pac\u00edfica realizada en el puerto de Tuxpan para exigir la liberaci\u00f3n del ex secretario de Gobierno, Rogelio Franco Cast\u00e1n, consignado por presuntos ultrajes a la autoridad.<br>Al t\u00e9rmino de la marcha, en donde se concentraron militantes del Partido de la Revoluci\u00f3n Democr\u00e1tica (PRD), encabezado por el dirigente nacional, Yunes M\u00e1rquez afirm\u00f3 que se march\u00f3 en contra de la injusticia por la detenci\u00f3n de Rogelio Franco.<br>\u201cLa detenci\u00f3n de Rogelio Franco es eso, es una injusticia, es una detenci\u00f3n que significa represi\u00f3n pol\u00edtica, como un medio en contra de los que no estamos de acuerdo con este mal gobierno\u201d, reiter\u00f3.<br>Sostuvo que la detenci\u00f3n de Franco Cast\u00e1n es tambi\u00e9n un acto de intimidaci\u00f3n contra todos aquellos que no est\u00e1n de acuerdo con lo que est\u00e1 haciendo el actual gobierno y para que de esta forma dejen de protestar y de luchar por los derechos de las y los veracruzanos.<br>\u201cPor mi parte no dejar\u00e9 de luchar, no dejar\u00e9 de exigir hasta ver a Rogelio Franco aqu\u00ed entre nosotros. \u00a1Justicia y libertad para Rogelio Franco!\u201d, afirm\u00f3 Miguel \u00c1ngel Yunes M\u00e1rquez.<br>En la marcha estuvieron presentes los l\u00edderes nacional y estatal del PRD, Jes\u00fas Zambrano Grijalva y Sergio Cadena Mart\u00ednez, respectivamente, as\u00ed como legisladores federales y locales.<\/p>\n","protected":false},"excerpt":{"rendered":"<p>TuxpanMiguel \u00c1ngel Yunes M\u00e1rquez particip\u00f3 en la marcha pac\u00edfica realizada en el puerto de Tuxpan para exigir la liberaci\u00f3n del ex secretario de Gobierno, Rogelio Franco Cast\u00e1n, consignado por presuntos ultrajes a la autoridad.Al t\u00e9rmino de la marcha, en donde se concentraron militantes del Partido de la Revoluci\u00f3n Democr\u00e1tica (PRD), encabezado por el dirigente nacional, [&hellip;]<\/p>\n","protected":false},"author":2,"featured_media":0,"comment_status":"closed","ping_status":"closed","sticky":false,"template":"","format":"standard","meta":{"_jetpack_newsletter_access":"","_jetpack_dont_email_post_to_subs":false,"_jetpack_newsletter_tier_id":0,"_jetpack_memberships_contains_paywalled_content":false,"_jetpack_memberships_contains_paid_content":false,"footnotes":""},"categories":[73],"tags":[21651,107,808,26725],"class_list":["post-69624","post","type-post","status-publish","format-standard","hentry","category-de-boleto","tag-jesus-zambrano-grijalva","tag-prd","tag-rogelio-franco-castan","tag-ultrajes-a-la-autoridad"],"jetpack_featured_media_url":"","jetpack_sharing_enabled":true,"jetpack_shortlink":"https:\/\/wp.me\/p4Qcd3-i6Y","_links":{"self":[{"href":"https:\/\/lospoliticosveracruz.com.mx\/index.php?rest_route=\/wp\/v2\/posts\/69624","targetHints":{"allow":["GET"]}}],"collection":[{"href":"https:\/\/lospoliticosveracruz.com.mx\/index.php?rest_route=\/wp\/v2\/posts"}],"about":[{"href":"https:\/\/lospoliticosveracruz.com.mx\/index.php?rest_route=\/wp\/v2\/types\/post"}],"author":[{"embeddable":true,"href":"https:\/\/lospoliticosveracruz.com.mx\/index.php?rest_route=\/wp\/v2\/users\/2"}],"replies":[{"embeddable":true,"href":"https:\/\/lospoliticosveracruz.com.mx\/index.php?rest_route=%2Fwp%2Fv2%2Fcomments&post=69624"}],"version-history":[{"count":1,"href":"https:\/\/lospoliticosveracruz.com.mx\/index.php?rest_route=\/wp\/v2\/posts\/69624\/revisions"}],"predecessor-version":[{"id":69626,"href":"https:\/\/lospoliticosveracruz.com.mx\/index.php?rest_route=\/wp\/v2\/posts\/69624\/revisions\/69626"}],"wp:attachment":[{"href":"https:\/\/lospoliticosveracruz.com.mx\/index.php?rest_route=%2Fwp%2Fv2%2Fmedia&parent=69624"}],"wp:term":[{"taxonomy":"category","embeddable":true,"href":"https:\/\/lospoliticosveracruz.com.mx\/index.php?rest_route=%2Fwp%2Fv2%2Fcategories&post=69624"},{"taxonomy":"post_tag","embeddable":true,"href":"https:\/\/lospoliticosveracruz.com.mx\/index.php?rest_route=%2Fwp%2Fv2%2Ftags&post=69624"}],"curies":[{"name":"wp","href":"https:\/\/api.w.org\/{rel}","templated":true}]}}