{"id":69755,"date":"2021-03-19T14:42:23","date_gmt":"2021-03-19T20:42:23","guid":{"rendered":"http:\/\/www.lospoliticosveracruz.com.mx\/?p=69755"},"modified":"2021-03-19T14:42:29","modified_gmt":"2021-03-19T20:42:29","slug":"juicio-politico-para-chofi","status":"publish","type":"post","link":"https:\/\/lospoliticosveracruz.com.mx\/?p=69755","title":{"rendered":"Juicio Pol\u00edtico para Chofi!"},"content":{"rendered":"\n<p><\/p>\n\n\n\n<p><em>Xalapa<\/em><br>Con 35 votos a favor y 9 en contra, el congreso local determin\u00f3 que si procede el juicio politico en contra de la magistrada Sof\u00eda Martinez Huerta por usurpaci\u00f3n de funciones.<br>Podr\u00eda enfrentar desde una inhabilitaci\u00f3n hasta la destituci\u00f3n por 10 a\u00f1os para ejercer un cargo p\u00fablico.<br>Este viernes en sesi\u00f3n extraordinaria privada se realiz\u00f3 la presentaci\u00f3n de alegatos a favor y en contra para despu\u00e9s ser sometido a votaci\u00f3n.<br>Esta ser\u00e1 la primera vez que un juicio pol\u00edtico llegue hasta el Consejo de la Judicatura y est\u00e9 en manos del pleno de magistrados el futuro de la expresidenta del Poder Judicial, a quien se le acusa de usurpaci\u00f3n de funciones.<br>En noviembre del 2020, el juez Jos\u00e9 Clemente Zorrilla solicit\u00f3 juicio contra la expresidenta del Tribunal Superior de Justicia del Estado, tras ser removido del juzgado a su cargo.<br>La decisi\u00f3n de remoci\u00f3n ten\u00eda que ser tomada por el Consejo de la Judicatura del Poder Judicial, pero la instrucci\u00f3n fue dada por Mart\u00ednez Huerta, motivo por el que fue acusada de usurpar funciones del m\u00e1ximo \u00f3rgano al interior del Poder Judicial.<\/p>\n","protected":false},"excerpt":{"rendered":"<p>XalapaCon 35 votos a favor y 9 en contra, el congreso local determin\u00f3 que si procede el juicio politico en contra de la magistrada Sof\u00eda Martinez Huerta por usurpaci\u00f3n de funciones.Podr\u00eda enfrentar desde una inhabilitaci\u00f3n hasta la destituci\u00f3n por 10 a\u00f1os para ejercer un cargo p\u00fablico.Este viernes en sesi\u00f3n extraordinaria privada se realiz\u00f3 la presentaci\u00f3n [&hellip;]<\/p>\n","protected":false},"author":2,"featured_media":0,"comment_status":"closed","ping_status":"closed","sticky":false,"template":"","format":"standard","meta":{"_jetpack_newsletter_access":"","_jetpack_dont_email_post_to_subs":false,"_jetpack_newsletter_tier_id":0,"_jetpack_memberships_contains_paywalled_content":false,"_jetpack_memberships_contains_paid_content":false,"footnotes":""},"categories":[6446],"tags":[393,19481,26584,10798,195],"class_list":["post-69755","post","type-post","status-publish","format-standard","hentry","category-la-nota","tag-congreso-de-veracruz","tag-magistrada","tag-sofia-martinez-huerta-2","tag-tribunal-superior-de-justicia","tag-veracruz"],"jetpack_featured_media_url":"","jetpack_sharing_enabled":true,"jetpack_shortlink":"https:\/\/wp.me\/p4Qcd3-i95","_links":{"self":[{"href":"https:\/\/lospoliticosveracruz.com.mx\/index.php?rest_route=\/wp\/v2\/posts\/69755","targetHints":{"allow":["GET"]}}],"collection":[{"href":"https:\/\/lospoliticosveracruz.com.mx\/index.php?rest_route=\/wp\/v2\/posts"}],"about":[{"href":"https:\/\/lospoliticosveracruz.com.mx\/index.php?rest_route=\/wp\/v2\/types\/post"}],"author":[{"embeddable":true,"href":"https:\/\/lospoliticosveracruz.com.mx\/index.php?rest_route=\/wp\/v2\/users\/2"}],"replies":[{"embeddable":true,"href":"https:\/\/lospoliticosveracruz.com.mx\/index.php?rest_route=%2Fwp%2Fv2%2Fcomments&post=69755"}],"version-history":[{"count":1,"href":"https:\/\/lospoliticosveracruz.com.mx\/index.php?rest_route=\/wp\/v2\/posts\/69755\/revisions"}],"predecessor-version":[{"id":69757,"href":"https:\/\/lospoliticosveracruz.com.mx\/index.php?rest_route=\/wp\/v2\/posts\/69755\/revisions\/69757"}],"wp:attachment":[{"href":"https:\/\/lospoliticosveracruz.com.mx\/index.php?rest_route=%2Fwp%2Fv2%2Fmedia&parent=69755"}],"wp:term":[{"taxonomy":"category","embeddable":true,"href":"https:\/\/lospoliticosveracruz.com.mx\/index.php?rest_route=%2Fwp%2Fv2%2Fcategories&post=69755"},{"taxonomy":"post_tag","embeddable":true,"href":"https:\/\/lospoliticosveracruz.com.mx\/index.php?rest_route=%2Fwp%2Fv2%2Ftags&post=69755"}],"curies":[{"name":"wp","href":"https:\/\/api.w.org\/{rel}","templated":true}]}}