{"id":69759,"date":"2021-03-19T17:42:24","date_gmt":"2021-03-19T23:42:24","guid":{"rendered":"http:\/\/www.lospoliticosveracruz.com.mx\/?p=69759"},"modified":"2021-03-19T17:42:26","modified_gmt":"2021-03-19T23:42:26","slug":"reyes-heroles-ejemplo-a-seguir-no-como-el-que-hoy-gobierna-marlon","status":"publish","type":"post","link":"https:\/\/lospoliticosveracruz.com.mx\/?p=69759","title":{"rendered":"Reyes Heroles, ejemplo a seguir, no como el que hoy gobierna: Marlon"},"content":{"rendered":"\n<p><strong>Xalapa,<br><\/strong>Con ceremonia y guardia de honor, el Partido Revolucionario Institucional (PRI) en Veracruz, conmemor\u00f3 el 36 Aniversario Luctuoso del gran ide\u00f3logo e ilustre veracruzano, oriundo de Tuxpan, Jes\u00fas Reyes Heroles.<\/p>\n\n\n\n<p>Durante su mensaje, el presidente del CDE del PRI en Veracruz, Marlon Ram\u00edrez Mar\u00edn, destac\u00f3 que hoy m\u00e1s que nunca, est\u00e1 vigente la ideolog\u00eda de don Jes\u00fas Reyes Heroles, e invit\u00f3 a los presentes, no s\u00f3lo a leerla, sino a ponerla en pr\u00e1ctica.<\/p>\n\n\n\n<p>Dijo que quienes tienen la responsabilidad en unos d\u00edas m\u00e1s de abanderar los esfuerzos del proceso de recuperaci\u00f3n de este pa\u00eds, y de este estado, cuentan con el ejemplo del gran pol\u00edtico: Jes\u00fas Reyes Heroles.<\/p>\n\n\n\n<p>\u201cOjal\u00e1 cada d\u00eda hubiese m\u00e1s personas que entiendan la pol\u00edtica como la entendi\u00f3 don Jes\u00fas, me parece que este pa\u00eds estar\u00eda mejor si m\u00e1s gente siguiera el ejemplo de \u00e9l, y no el de quien hoy dirige a este pa\u00eds\u201d, consider\u00f3.<\/p>\n\n\n\n<p>Durante la ceremonia, convocada por el Instituto de Formaci\u00f3n Pol\u00edtica Jes\u00fas Reyes Heroles Filial Veracruz, Diana Olivia Gonz\u00e1lez Ortiz, presidenta del Instituto Reyes Heroles Filial Municipal Xalapa, enfatiz\u00f3 que Jes\u00fas Reyes Heroles fue un hombre de ideas transformadoras, con una gran trayectoria en el servicio p\u00fablico y en la vida pol\u00edtica de nuestro pa\u00eds.<\/p>\n\n\n\n<p>\u201cA \u00e9l debemos la m\u00e1s profunda reforma pol\u00edtica de M\u00e9xico, que rige a cualquier partido sin distinci\u00f3n, reforma que refleja la pluralidad con la que \u00e9l ve\u00eda a nuestro pa\u00eds. En sus expresiones y acciones prevalece la idea de que el Estado mexicano, est\u00e1 por encima de intereses, partidarismos, sexenios de tintes pol\u00edticos por encima de todo. El Estado en el que pensaba Reyes Heroles, es el que busca la cooperaci\u00f3n y la solidaridad social\u201d, a\u00f1adi\u00f3.<\/p>\n\n\n\n<p>Jes\u00fas Reyes Heroles, fue un ensayista, historiador y catedr\u00e1tico. Su obra sigue siendo relevante tanto para pol\u00edticos como para acad\u00e9micos; fue miembro de la Academia Mexicana de la Historia y honorario de la Real Academia de la Historia de Madrid.<\/p>\n\n\n\n<p>Promovi\u00f3 las instituciones en nuestro pa\u00eds, fue Director General de Pemex y del IMSS; Secretario de Gobernaci\u00f3n y de Educaci\u00f3n P\u00fablica; Diputado Federal, Presidente del PRI, y origin\u00f3 la Reforma Pol\u00edtica de 1977, punto de partida de nuestra democracia; adem\u00e1s, se le recuerda por sus aportaciones en la pol\u00edtica mexicana, as\u00ed como por sus frases c\u00e9lebres.<\/p>\n\n\n\n<p>Estuvieron presentes en la ceremonia: Karla Ladr\u00f3n de Guevara Mar\u00edn, secretaria general del Instituto Reyes Heroles Filial Veracruz; Eliseo Islas Chagoya, secretario de Cultura del CDE; Mauricio Carl\u00edn Castillo, secretario de Operaci\u00f3n Pol\u00edtica del CDE; Ira\u00eds Morales Ju\u00e1rez, secretaria de Finanzas del CDE; Zitta Pazzi Maza, secretaria de Vinculaci\u00f3n con la Sociedad Civil del CDE; Ram\u00f3n Alberto Reyes Viveros, secretario de Comunicaci\u00f3n Institucional y Estrategia del CDE; Adri\u00e1n Mart\u00edn Pineda Selvas, secretario de Asuntos de las Personas con Discapacidad, as\u00ed como Am\u00e9rico Z\u00fa\u00f1iga Mart\u00ednez, distinguido priista.<\/p>\n\n\n\n<p>Asimismo, Ivette Leyva Eufrasio, contralora general del CDE; Meztli Rodr\u00edguez Anota, secretaria t\u00e9cnica de la Comisi\u00f3n Estatal de Procesos Internos del CDE; Carlos Aceves Amezcua, secretario t\u00e9cnico del Consejo Pol\u00edtico Estatal; Yolanda Lagunes L\u00f3pez, presidenta estatal del ONMPRI en Veracruz; Carlos Rugerio Mart\u00ednez, presidente de la Red de J\u00f3venes por M\u00e9xico en Veracruz; Irene Arag\u00f3n Santiago, l\u00edder del Movimiento Territorial; secretarios integrantes del CDE, as\u00ed como presidentes, l\u00edderes e integrantes de sectores, organizaciones y organismos especializados.<\/p>\n","protected":false},"excerpt":{"rendered":"<p>Xalapa,Con ceremonia y guardia de honor, el Partido Revolucionario Institucional (PRI) en Veracruz, conmemor\u00f3 el 36 Aniversario Luctuoso del gran ide\u00f3logo e ilustre veracruzano, oriundo de Tuxpan, Jes\u00fas Reyes Heroles. Durante su mensaje, el presidente del CDE del PRI en Veracruz, Marlon Ram\u00edrez Mar\u00edn, destac\u00f3 que hoy m\u00e1s que nunca, est\u00e1 vigente la ideolog\u00eda de [&hellip;]<\/p>\n","protected":false},"author":2,"featured_media":0,"comment_status":"closed","ping_status":"closed","sticky":false,"template":"","format":"standard","meta":{"_jetpack_newsletter_access":"","_jetpack_dont_email_post_to_subs":false,"_jetpack_newsletter_tier_id":0,"_jetpack_memberships_contains_paywalled_content":false,"_jetpack_memberships_contains_paid_content":false,"footnotes":""},"categories":[73],"tags":[541,2908,251],"class_list":["post-69759","post","type-post","status-publish","format-standard","hentry","category-de-boleto","tag-jesus-reyes-heroles","tag-marlon-ramirez-marin","tag-pri"],"jetpack_featured_media_url":"","jetpack_sharing_enabled":true,"jetpack_shortlink":"https:\/\/wp.me\/p4Qcd3-i99","_links":{"self":[{"href":"https:\/\/lospoliticosveracruz.com.mx\/index.php?rest_route=\/wp\/v2\/posts\/69759","targetHints":{"allow":["GET"]}}],"collection":[{"href":"https:\/\/lospoliticosveracruz.com.mx\/index.php?rest_route=\/wp\/v2\/posts"}],"about":[{"href":"https:\/\/lospoliticosveracruz.com.mx\/index.php?rest_route=\/wp\/v2\/types\/post"}],"author":[{"embeddable":true,"href":"https:\/\/lospoliticosveracruz.com.mx\/index.php?rest_route=\/wp\/v2\/users\/2"}],"replies":[{"embeddable":true,"href":"https:\/\/lospoliticosveracruz.com.mx\/index.php?rest_route=%2Fwp%2Fv2%2Fcomments&post=69759"}],"version-history":[{"count":1,"href":"https:\/\/lospoliticosveracruz.com.mx\/index.php?rest_route=\/wp\/v2\/posts\/69759\/revisions"}],"predecessor-version":[{"id":69761,"href":"https:\/\/lospoliticosveracruz.com.mx\/index.php?rest_route=\/wp\/v2\/posts\/69759\/revisions\/69761"}],"wp:attachment":[{"href":"https:\/\/lospoliticosveracruz.com.mx\/index.php?rest_route=%2Fwp%2Fv2%2Fmedia&parent=69759"}],"wp:term":[{"taxonomy":"category","embeddable":true,"href":"https:\/\/lospoliticosveracruz.com.mx\/index.php?rest_route=%2Fwp%2Fv2%2Fcategories&post=69759"},{"taxonomy":"post_tag","embeddable":true,"href":"https:\/\/lospoliticosveracruz.com.mx\/index.php?rest_route=%2Fwp%2Fv2%2Ftags&post=69759"}],"curies":[{"name":"wp","href":"https:\/\/api.w.org\/{rel}","templated":true}]}}