{"id":69827,"date":"2021-03-22T11:58:43","date_gmt":"2021-03-22T17:58:43","guid":{"rendered":"http:\/\/www.lospoliticosveracruz.com.mx\/?p=69827"},"modified":"2021-03-22T11:58:54","modified_gmt":"2021-03-22T17:58:54","slug":"respeta-el-no-de-la-alianza","status":"publish","type":"post","link":"https:\/\/lospoliticosveracruz.com.mx\/?p=69827","title":{"rendered":"Respeta el No de la Alianza"},"content":{"rendered":"\n<p><strong>Xalapa<\/strong><br>El gobernador Cuitl\u00e1huac Garc\u00eda Jim\u00e9nez precis\u00f3 que las dirigencias estatales del PAN PRD y PRI \u00abest\u00e1n en su derecho de decir que no\u00bb al Acuerdo Veracruz por la Democracia 2021.<br>\u00abAqu\u00ed lo importante es mostrarse ante la sociedad, sobre que voluntad tienes y que si su voluntad es que no, es que no, pero que no pretendan enga\u00f1ar esos partidos de que nosotros somos represores\u00bb.<br>En conferencia de prensa, el gobernador Cuitl\u00e1huac Garc\u00eda Jim\u00e9nez, dijo que se trata de un llamado a la conciencia \u00abante a la sociedad y es un si de qui\u00e9n tiene la autoridad y de quienes quisieran participar en esta acci\u00f3n voluntaria de expresar lo que pretenden hacer\u00bb.<br>Las dirigencias estatales del PAN, PRD y PRI anunciaron que no firmar\u00e1n el Acuerdo Veracruz por la Democracia 2021, convocado por el gobernador Cuitl\u00e1huac Garc\u00eda Jim\u00e9nez.<br>En un comunicado conjunto, esos partidos pol\u00edticos explicaron que dicha propuesta se presenta a 75 d\u00edas de la jornada electoral.<\/p>\n","protected":false},"excerpt":{"rendered":"<p>XalapaEl gobernador Cuitl\u00e1huac Garc\u00eda Jim\u00e9nez precis\u00f3 que las dirigencias estatales del PAN PRD y PRI \u00abest\u00e1n en su derecho de decir que no\u00bb al Acuerdo Veracruz por la Democracia 2021.\u00abAqu\u00ed lo importante es mostrarse ante la sociedad, sobre que voluntad tienes y que si su voluntad es que no, es que no, pero que no [&hellip;]<\/p>\n","protected":false},"author":2,"featured_media":0,"comment_status":"closed","ping_status":"closed","sticky":false,"template":"","format":"standard","meta":{"_jetpack_newsletter_access":"","_jetpack_dont_email_post_to_subs":false,"_jetpack_newsletter_tier_id":0,"_jetpack_memberships_contains_paywalled_content":false,"_jetpack_memberships_contains_paid_content":false,"footnotes":""},"categories":[6446],"tags":[1563,26876,5290,1026],"class_list":["post-69827","post","type-post","status-publish","format-standard","hentry","category-la-nota","tag-cuitlahuac-garcia-jimenez","tag-democracia-2021","tag-jornada-electoral","tag-morena"],"jetpack_featured_media_url":"","jetpack_sharing_enabled":true,"jetpack_shortlink":"https:\/\/wp.me\/p4Qcd3-iaf","_links":{"self":[{"href":"https:\/\/lospoliticosveracruz.com.mx\/index.php?rest_route=\/wp\/v2\/posts\/69827","targetHints":{"allow":["GET"]}}],"collection":[{"href":"https:\/\/lospoliticosveracruz.com.mx\/index.php?rest_route=\/wp\/v2\/posts"}],"about":[{"href":"https:\/\/lospoliticosveracruz.com.mx\/index.php?rest_route=\/wp\/v2\/types\/post"}],"author":[{"embeddable":true,"href":"https:\/\/lospoliticosveracruz.com.mx\/index.php?rest_route=\/wp\/v2\/users\/2"}],"replies":[{"embeddable":true,"href":"https:\/\/lospoliticosveracruz.com.mx\/index.php?rest_route=%2Fwp%2Fv2%2Fcomments&post=69827"}],"version-history":[{"count":1,"href":"https:\/\/lospoliticosveracruz.com.mx\/index.php?rest_route=\/wp\/v2\/posts\/69827\/revisions"}],"predecessor-version":[{"id":69829,"href":"https:\/\/lospoliticosveracruz.com.mx\/index.php?rest_route=\/wp\/v2\/posts\/69827\/revisions\/69829"}],"wp:attachment":[{"href":"https:\/\/lospoliticosveracruz.com.mx\/index.php?rest_route=%2Fwp%2Fv2%2Fmedia&parent=69827"}],"wp:term":[{"taxonomy":"category","embeddable":true,"href":"https:\/\/lospoliticosveracruz.com.mx\/index.php?rest_route=%2Fwp%2Fv2%2Fcategories&post=69827"},{"taxonomy":"post_tag","embeddable":true,"href":"https:\/\/lospoliticosveracruz.com.mx\/index.php?rest_route=%2Fwp%2Fv2%2Ftags&post=69827"}],"curies":[{"name":"wp","href":"https:\/\/api.w.org\/{rel}","templated":true}]}}