{"id":69938,"date":"2021-03-23T22:38:28","date_gmt":"2021-03-24T04:38:28","guid":{"rendered":"http:\/\/www.lospoliticosveracruz.com.mx\/?p=69938"},"modified":"2021-03-23T22:38:32","modified_gmt":"2021-03-24T04:38:32","slug":"para-que-funcione-el-acuerdo-por-la-democracia-se-necesitan-democratas","status":"publish","type":"post","link":"https:\/\/lospoliticosveracruz.com.mx\/?p=69938","title":{"rendered":"Para que funcione el Acuerdo por la Democracia se necesitan dem\u00f3cratas"},"content":{"rendered":"\n<p><strong>Emilio C\u00e1rdenas Escobosa<\/strong><\/p>\n\n\n\n<p><em>De Inter\u00e9s P\u00fablico<br><\/em><\/p>\n\n\n\n<p><\/p>\n\n\n\n<p>Este 23 de marzo se firm\u00f3 el Acuerdo Nacional por la Democracia al que convoc\u00f3 a las y los mandatarios estatales el presidente Andr\u00e9s Manuel L\u00f3pez Obrador.<br><\/p>\n\n\n\n<div class=\"wp-block-image\"><figure class=\"alignleft size-large\"><a href=\"http:\/\/www.lospoliticosveracruz.com.mx\/wp-content\/uploads\/2021\/03\/Predial-Cordoba.png\"><img decoding=\"async\" src=\"http:\/\/www.lospoliticosveracruz.com.mx\/wp-content\/uploads\/2021\/03\/Predial-Cordoba.png\" alt=\"\" class=\"wp-image-69841\"\/><\/a><\/figure><\/div>\n\n\n\n<p>Lo central del compromiso suscrito por todos los gobernadores con excepci\u00f3n de los de Sinaloa y Jalisco es que las autoridades federales y locales se comprometen a no intervenir en el proceso electoral en curso a favor de ning\u00fan candidato o partido pol\u00edtico, y que tampoco usar\u00e1n el presupuesto p\u00fablico para apoyar campa\u00f1as electorales.<br>Lo pactado se extiende a denunciar la entrega de dinero del crimen organizado o de la delincuencia de cuello blanco para financiar campa\u00f1as; a impedir la compra de lealtades o conciencias; a no traficar con la pobreza de la gente; a no solapar trampas; a evitar el acarreo y el relleno de urnas, la falsificaci\u00f3n de actas u otras pr\u00e1cticas ilegales y antidemocr\u00e1ticas.<br>Se comprometen en suma a garantizar elecciones libres, legales, limpias y respetar la voluntad del pueblo. Ojal\u00e1 que as\u00ed sea.<br>No obstante, se observa lo obvio: los compromisos y objetivos incluidos por el Presidente en su acuerdo ya son tutelados por la ley. Y lo que deben hacer los mandatarios de los estados y el propio L\u00f3pez Obrador es cumplirla, aplicarla y no transgredirla. Ni m\u00e1s ni menos.<br>Aunque dado el ambiente de polarizaci\u00f3n que se vive y el clima de violencia pol\u00edtica que marca ya este proceso electoral, donde de acuerdo a diversas mediciones entre septiembre pasado y principios de marzo se contabilizan 205 agresiones contra \u201cpersonas pol\u00edticas\u201d con un saldo de 55 v\u00edctimas de homicidio doloso, 14 de ellas aspirantes a puestos de elecci\u00f3n, no es desde\u00f1able un compromiso expl\u00edcito de los gobiernos para frenar esta sangr\u00eda, donde parece que la m\u00e1xima en la competencia pol\u00edtica en M\u00e9xico se ha convertido en la de \u201cplata y plomo\u201d.<br>Una cuesti\u00f3n importante que se deriva de la firma de este Acuerdo es si el compromiso a no interferir en las elecciones tambi\u00e9n vendr\u00e1 del propio Presidente o si simplemente quiere controlar a los gobernadores para que \u00e9l pueda actuar de una manera mucho m\u00e1s libre, percepci\u00f3n a la que abona el llamado de Mario Delgado, presidente nacional de Morena, a su militancia a movilizarse en las calles y vigilar que los gobiernos locales realmente cumplan con el acuerdo.<br>Ya lo veremos.<br>En el camino a la firma de este Acuerdo a nivel nacional, en Veracruz se convoc\u00f3 a los dirigentes de las fuerzas pol\u00edticas, a las titulares de los poderes Legislativo y Judicial, a los presidentes del \u00f3rgano electoral y del jurisdiccional a hacer lo propio y sumarse a ese cat\u00e1logo de buenas intenciones.<br>Fue un evento celebrado el d\u00eda lunes en el Palacio de Gobierno que al final qued\u00f3 como una reuni\u00f3n entre los de casa y los aliados y que, como sabemos, fue desairado por los representantes de las verdaderas fuerzas de oposici\u00f3n.<br>Se trat\u00f3, en todo caso, de cumplir una instrucci\u00f3n presidencial sin aprovechar el momento, la tem\u00e1tica o el escenario para iniciar un verdadero proceso de di\u00e1logo tendiente a distender el enrarecido ambiente pol\u00edtico que se vive de cara al proceso electoral. Objetivo quiz\u00e1 imposible habida cuenta que en materia de pol\u00edtica interna ha prevalecido el lenguaje y la actitud belicosa en el arte de la guerra hacia quienes ellos consideran opositores al r\u00e9gimen de la Cuarta Transformaci\u00f3n.<br>Con todo, m\u00e1s all\u00e1 del horizonte electoral, un llamado a la concordia entre los actores pol\u00edticos y sociales de la entidad y el gobierno no estar\u00eda nada mal si de mostrar madurez e inteligencia pol\u00edticas se trata y para zanjar de una buena vez las disputas est\u00e9riles entre los bandos en pugna, pues sin acuerdos pol\u00edticos la gobernabilidad queda en el aire y se pavimenta el camino a la violencia pol\u00edtica y la inestabilidad.<br>Se requiere, pues, que sean los valores del di\u00e1logo, la tolerancia y el respeto al adversario en los que se sustente el accionar del gobierno y se cierre con tres candados la puerta a los resortes autoritarios, a la pretensi\u00f3n de imponer un pensamiento \u00fanico y descalificar sin m\u00e1s a quien piense diferente, a quien ejerza la cr\u00edtica o cuestione el rumbo de la actual administraci\u00f3n.<br>Para que funcione cualquier acuerdo por la democracia se necesitan dem\u00f3cratas.<br>Eso es lo que realmente nos hace falta en Veracruz.<\/p>\n\n\n\n<p>jecesco@hotmail.com<br>www.deinterespublico.com<\/p>\n","protected":false},"excerpt":{"rendered":"<p>Emilio C\u00e1rdenas Escobosa De Inter\u00e9s P\u00fablico Este 23 de marzo se firm\u00f3 el Acuerdo Nacional por la Democracia al que convoc\u00f3 a las y los mandatarios estatales el presidente Andr\u00e9s Manuel L\u00f3pez Obrador. Lo central del compromiso suscrito por todos los gobernadores con excepci\u00f3n de los de Sinaloa y Jalisco es que las autoridades federales [&hellip;]<\/p>\n","protected":false},"author":2,"featured_media":0,"comment_status":"closed","ping_status":"closed","sticky":false,"template":"","format":"standard","meta":{"_jetpack_newsletter_access":"","_jetpack_dont_email_post_to_subs":false,"_jetpack_newsletter_tier_id":0,"_jetpack_memberships_contains_paywalled_content":false,"_jetpack_memberships_contains_paid_content":false,"footnotes":""},"categories":[70],"tags":[1195,14544,1003,26912,26909,11193,26911],"class_list":["post-69938","post","type-post","status-publish","format-standard","hentry","category-de-opinion","tag-campanas-electorales","tag-jose-emilio-cardenas-escobosa","tag-lopez-obrador","tag-practicas-ilegales","tag-presupuesto-publico","tag-proceso-electoral","tag-relleno-de-urnas"],"jetpack_featured_media_url":"","jetpack_sharing_enabled":true,"jetpack_shortlink":"https:\/\/wp.me\/p4Qcd3-ic2","_links":{"self":[{"href":"https:\/\/lospoliticosveracruz.com.mx\/index.php?rest_route=\/wp\/v2\/posts\/69938","targetHints":{"allow":["GET"]}}],"collection":[{"href":"https:\/\/lospoliticosveracruz.com.mx\/index.php?rest_route=\/wp\/v2\/posts"}],"about":[{"href":"https:\/\/lospoliticosveracruz.com.mx\/index.php?rest_route=\/wp\/v2\/types\/post"}],"author":[{"embeddable":true,"href":"https:\/\/lospoliticosveracruz.com.mx\/index.php?rest_route=\/wp\/v2\/users\/2"}],"replies":[{"embeddable":true,"href":"https:\/\/lospoliticosveracruz.com.mx\/index.php?rest_route=%2Fwp%2Fv2%2Fcomments&post=69938"}],"version-history":[{"count":2,"href":"https:\/\/lospoliticosveracruz.com.mx\/index.php?rest_route=\/wp\/v2\/posts\/69938\/revisions"}],"predecessor-version":[{"id":69945,"href":"https:\/\/lospoliticosveracruz.com.mx\/index.php?rest_route=\/wp\/v2\/posts\/69938\/revisions\/69945"}],"wp:attachment":[{"href":"https:\/\/lospoliticosveracruz.com.mx\/index.php?rest_route=%2Fwp%2Fv2%2Fmedia&parent=69938"}],"wp:term":[{"taxonomy":"category","embeddable":true,"href":"https:\/\/lospoliticosveracruz.com.mx\/index.php?rest_route=%2Fwp%2Fv2%2Fcategories&post=69938"},{"taxonomy":"post_tag","embeddable":true,"href":"https:\/\/lospoliticosveracruz.com.mx\/index.php?rest_route=%2Fwp%2Fv2%2Ftags&post=69938"}],"curies":[{"name":"wp","href":"https:\/\/api.w.org\/{rel}","templated":true}]}}