{"id":69984,"date":"2021-03-24T14:08:09","date_gmt":"2021-03-24T20:08:09","guid":{"rendered":"http:\/\/www.lospoliticosveracruz.com.mx\/?p=69984"},"modified":"2021-03-24T14:08:19","modified_gmt":"2021-03-24T20:08:19","slug":"ojo-con-la-depre-postparto","status":"publish","type":"post","link":"https:\/\/lospoliticosveracruz.com.mx\/?p=69984","title":{"rendered":"Ojo con la Depre postparto!"},"content":{"rendered":"\n<p><strong>Veracruz<\/strong><\/p>\n\n\n\n<p>La Oficina de Representaci\u00f3n en Veracruz Norte, del Instituto Mexicano del Seguro Social (IMSS) informa sobre la importancia de poner especial atenci\u00f3n en la salud emocional de la madre posterior al alumbramiento, con la finalidad de estar alerta ante s\u00edntomas que podr\u00edan condicionar la depresi\u00f3n postparto.<br>El jefe de Ginecolog\u00eda Obstetricia del Hospital General de Zona (HGZ) No. 11, Ricardo Morales Vel\u00e1zquez se\u00f1al\u00f3 que la salud de la madre es tan importante como la del reci\u00e9n nacido, por lo que las embarazadas deben estar alerta sobre los s\u00edntomas de este padecimiento.<br>La depresi\u00f3n posparto es un trastorno de \u00e1nimo que presentan las mujeres que recientemente dieron a luz, causando desinter\u00e9s por el reci\u00e9n nacido y evitando que se cree el v\u00ednculo afectivo entre ambos, atender este padecimiento de manera inmediata favorecer\u00e1 al desarrollo del beb\u00e9.<br>Los s\u00edntomas pueden ser cambios de humor grave, llanto en exceso, aislamiento de familia y amigos, p\u00e9rdida del apetito o aumento en la ingesta de alimentos, insomnio o aletargamiento, fatiga y baja de energ\u00eda que provoca que la madre no reaccione al llanto del beb\u00e9, ni haga el m\u00ednimo esfuerzo por mantener su bienestar.<br>La principal causa de este trastorno es el fuerte cambio hormonal que se experimenta durante el embarazo, con repercusiones en la Psicolog\u00eda materna, aunque, no todas las mujeres lo experimentan, pues cada una reacciona de manera diferente.<br>El especialista recomend\u00f3 seguir realizando visitas con el m\u00e9dico para llevar un control del estado postparto de la mujer; asimismo, invit\u00f3 a las madres a continuar la lactancia a seno materno porque desarrolla un v\u00ednculo importante entre madres e hijos, adem\u00e1s de ser la principal fuente de nutrientes.<\/p>\n","protected":false},"excerpt":{"rendered":"<p>Veracruz La Oficina de Representaci\u00f3n en Veracruz Norte, del Instituto Mexicano del Seguro Social (IMSS) informa sobre la importancia de poner especial atenci\u00f3n en la salud emocional de la madre posterior al alumbramiento, con la finalidad de estar alerta ante s\u00edntomas que podr\u00edan condicionar la depresi\u00f3n postparto.El jefe de Ginecolog\u00eda Obstetricia del Hospital General de [&hellip;]<\/p>\n","protected":false},"author":2,"featured_media":0,"comment_status":"closed","ping_status":"closed","sticky":false,"template":"","format":"standard","meta":{"_jetpack_newsletter_access":"","_jetpack_dont_email_post_to_subs":false,"_jetpack_newsletter_tier_id":0,"_jetpack_memberships_contains_paywalled_content":false,"_jetpack_memberships_contains_paid_content":false,"footnotes":""},"categories":[73],"tags":[26937,26936,22073,26934,11159],"class_list":["post-69984","post","type-post","status-publish","format-standard","hentry","category-de-boleto","tag-depresion-posparto","tag-recien-nacido","tag-ricardo-morales-velazquez","tag-salud-emocional","tag-veracruz-norte"],"jetpack_featured_media_url":"","jetpack_sharing_enabled":true,"jetpack_shortlink":"https:\/\/wp.me\/p4Qcd3-icM","_links":{"self":[{"href":"https:\/\/lospoliticosveracruz.com.mx\/index.php?rest_route=\/wp\/v2\/posts\/69984","targetHints":{"allow":["GET"]}}],"collection":[{"href":"https:\/\/lospoliticosveracruz.com.mx\/index.php?rest_route=\/wp\/v2\/posts"}],"about":[{"href":"https:\/\/lospoliticosveracruz.com.mx\/index.php?rest_route=\/wp\/v2\/types\/post"}],"author":[{"embeddable":true,"href":"https:\/\/lospoliticosveracruz.com.mx\/index.php?rest_route=\/wp\/v2\/users\/2"}],"replies":[{"embeddable":true,"href":"https:\/\/lospoliticosveracruz.com.mx\/index.php?rest_route=%2Fwp%2Fv2%2Fcomments&post=69984"}],"version-history":[{"count":1,"href":"https:\/\/lospoliticosveracruz.com.mx\/index.php?rest_route=\/wp\/v2\/posts\/69984\/revisions"}],"predecessor-version":[{"id":69987,"href":"https:\/\/lospoliticosveracruz.com.mx\/index.php?rest_route=\/wp\/v2\/posts\/69984\/revisions\/69987"}],"wp:attachment":[{"href":"https:\/\/lospoliticosveracruz.com.mx\/index.php?rest_route=%2Fwp%2Fv2%2Fmedia&parent=69984"}],"wp:term":[{"taxonomy":"category","embeddable":true,"href":"https:\/\/lospoliticosveracruz.com.mx\/index.php?rest_route=%2Fwp%2Fv2%2Fcategories&post=69984"},{"taxonomy":"post_tag","embeddable":true,"href":"https:\/\/lospoliticosveracruz.com.mx\/index.php?rest_route=%2Fwp%2Fv2%2Ftags&post=69984"}],"curies":[{"name":"wp","href":"https:\/\/api.w.org\/{rel}","templated":true}]}}