{"id":70111,"date":"2021-03-26T14:48:49","date_gmt":"2021-03-26T20:48:49","guid":{"rendered":"http:\/\/www.lospoliticosveracruz.com.mx\/?p=70111"},"modified":"2021-03-26T14:48:52","modified_gmt":"2021-03-26T20:48:52","slug":"incumple-redes-benjamin-declina","status":"publish","type":"post","link":"https:\/\/lospoliticosveracruz.com.mx\/?p=70111","title":{"rendered":"Incumple Redes; Benjam\u00edn declina"},"content":{"rendered":"\n<p><strong>Enrique Yasser Pompeyo<\/strong><br><em>Coatepec<\/em><\/p>\n\n\n\n<p>Benjam\u00edn S\u00e1nchez Flores declin\u00f3 a la precandidatura de Redes Sociales Progresistas (RSP) a la diputaci\u00f3n local por el distrito 12 con cabecera en Coatepec, pues acus\u00f3 que se incumpli\u00f3 con el criterio de g\u00e9nero para la presidencia municipal y hubo imposiciones.<\/p>\n\n\n\n<p>\u201cMi decisi\u00f3n obedece principalmente a que no se cumplieron los dos criterios que establecimos al inicio de la invitaci\u00f3n; el partido hab\u00eda establecido a Coatepec como uno de los municipios en los cuales se apostar\u00eda a dar cumplimiento al criterio de la paridad de g\u00e9nero, algo que ahora se incumple en la candidatura a la presidencia municipal\u201d, expuso el regidor octavo independiente con licencia del Ayuntamiento coatepecano.<\/p>\n\n\n\n<p>El segundo motivo es que el partido \u201cest\u00e1 siendo secuestrado por personas que quieren imponer sus intereses por encima de los objetivos principales del partido\u201d.<\/p>\n\n\n\n<p>Indic\u00f3 que justamente esas circunstancias los hab\u00edan alejado de los partidos pol\u00edticos, \u201csin embargo, confiamos en el proyecto de RSP, el cual, a nivel nacional, cuenta con ejes y propuestas innovadoras progresistas\u201d.<\/p>\n\n\n\n<p>No obstante, dijo que en Veracruz la toma de decisiones no es la correcta y \u201cquiero ser categ\u00f3rico, no se trata de un problema del partido, sino de las personas que en el estado est\u00e1n tomando las decisiones, quienes motivados por alg\u00fan tipo de inter\u00e9s personal, tratan de raptar el futuro de RSP\u201d.<\/p>\n\n\n\n<p>Quienes conocen a Benjam\u00edn S\u00e1nchez Flores, dijo, \u201csaben que soy una persona leal, directa, con valores y principios s\u00f3lidos y firmes; en pocas palabras, una persona que no se anda por las ramas. A lo largo de mi trayectoria, siempre he priorizado el trabajo a favor de la gente, as\u00ed lo he mostrado en mi labor como docente, en mi trabajo como servidor p\u00fablico y en mi tarea como representante social\u201d.<\/p>\n\n\n\n<p>Por ello, coment\u00f3 que desde la ciudadan\u00eda ha demostrado que se puede trabajar sin intereses de por medio, \u201cpensando s\u00f3lo en el bienestar de la gente, quienes siempre han estado al frente de toda prioridad\u201d.<\/p>\n\n\n\n<p>\u201cEsta ha sido la m\u00edstica y el objetivo siempre, trabajo que he desarrollado junto a mujeres y hombres que hemos antepuesto siempre nuestro compromiso con Coatepec; este trabajo, eminentemente ciudadano, me llev\u00f3 a ocupar la primera regidur\u00eda ciudadana e independiente en nuestro municipio, cargo que he desempe\u00f1ado con total satisfacci\u00f3n. Justamente este trabajo ciudadano me llev\u00f3 a que el partido pol\u00edtico Redes Sociales Progresistas nos hiciera la invitaci\u00f3n para participar como candidato a diputado local por el distrito 12 con cabecera en Coatepec\u201d, dijo.<\/p>\n\n\n\n<p>Por eso, acept\u00f3 la invitaci\u00f3n bajo dos criterios, \u201cque nos permitieran participar como ciudadanos y que nos mantuvi\u00e9ramos alejados del juego de intereses personales que, desafortunadamente, se presentan en esta \u00e9poca\u201d y al no cumplirse tom\u00f3 la decisi\u00f3n de ser congruente y declinar.<\/p>\n\n\n\n<p>Por su parte, quien era precandidata a la presidencia municipal, Luz Elisa Hern\u00e1ndez Mart\u00ednez, agradeci\u00f3 a quienes desde un principio confiaron en ella, a los que se sumaron y le apostaron al proyecto.<\/p>\n\n\n\n<p>Reiter\u00f3 su compromiso con Coatepec y con todos aquellos que como ella se toparon con un camino complejo para contender por un cargo p\u00fablico, \u201cya sea por no contar con capital econ\u00f3mico o por el hecho de ser mujer\u201d.<\/p>\n\n\n\n<p>Luz Elisa Hern\u00e1ndez dijo que \u201choy es el principio de una lucha para dignificar a las mujeres coatepecanas, hoy tengo claro que junto con este maravilloso equipo que me acompa\u00f1a, doy los pasos en la direcci\u00f3n correcta, me quedo fortalecida con esta experiencia y con el objetivo de trabajar para eliminar la violencia de g\u00e9nero en la pol\u00edtica\u201d.<\/p>\n","protected":false},"excerpt":{"rendered":"<p>Enrique Yasser PompeyoCoatepec Benjam\u00edn S\u00e1nchez Flores declin\u00f3 a la precandidatura de Redes Sociales Progresistas (RSP) a la diputaci\u00f3n local por el distrito 12 con cabecera en Coatepec, pues acus\u00f3 que se incumpli\u00f3 con el criterio de g\u00e9nero para la presidencia municipal y hubo imposiciones. \u201cMi decisi\u00f3n obedece principalmente a que no se cumplieron los dos [&hellip;]<\/p>\n","protected":false},"author":2,"featured_media":0,"comment_status":"closed","ping_status":"closed","sticky":false,"template":"","format":"standard","meta":{"_jetpack_newsletter_access":"","_jetpack_dont_email_post_to_subs":false,"_jetpack_newsletter_tier_id":0,"_jetpack_memberships_contains_paywalled_content":false,"_jetpack_memberships_contains_paid_content":false,"footnotes":""},"categories":[6446],"tags":[14828,277,721,4241,14281,22732],"class_list":["post-70111","post","type-post","status-publish","format-standard","hentry","category-la-nota","tag-benjamin-sanchez-flores","tag-coatepec","tag-elecciones","tag-paridad-de-genero","tag-redes-sociales-progresistas","tag-rsp"],"jetpack_featured_media_url":"","jetpack_sharing_enabled":true,"jetpack_shortlink":"https:\/\/wp.me\/p4Qcd3-ieP","_links":{"self":[{"href":"https:\/\/lospoliticosveracruz.com.mx\/index.php?rest_route=\/wp\/v2\/posts\/70111","targetHints":{"allow":["GET"]}}],"collection":[{"href":"https:\/\/lospoliticosveracruz.com.mx\/index.php?rest_route=\/wp\/v2\/posts"}],"about":[{"href":"https:\/\/lospoliticosveracruz.com.mx\/index.php?rest_route=\/wp\/v2\/types\/post"}],"author":[{"embeddable":true,"href":"https:\/\/lospoliticosveracruz.com.mx\/index.php?rest_route=\/wp\/v2\/users\/2"}],"replies":[{"embeddable":true,"href":"https:\/\/lospoliticosveracruz.com.mx\/index.php?rest_route=%2Fwp%2Fv2%2Fcomments&post=70111"}],"version-history":[{"count":1,"href":"https:\/\/lospoliticosveracruz.com.mx\/index.php?rest_route=\/wp\/v2\/posts\/70111\/revisions"}],"predecessor-version":[{"id":70113,"href":"https:\/\/lospoliticosveracruz.com.mx\/index.php?rest_route=\/wp\/v2\/posts\/70111\/revisions\/70113"}],"wp:attachment":[{"href":"https:\/\/lospoliticosveracruz.com.mx\/index.php?rest_route=%2Fwp%2Fv2%2Fmedia&parent=70111"}],"wp:term":[{"taxonomy":"category","embeddable":true,"href":"https:\/\/lospoliticosveracruz.com.mx\/index.php?rest_route=%2Fwp%2Fv2%2Fcategories&post=70111"},{"taxonomy":"post_tag","embeddable":true,"href":"https:\/\/lospoliticosveracruz.com.mx\/index.php?rest_route=%2Fwp%2Fv2%2Ftags&post=70111"}],"curies":[{"name":"wp","href":"https:\/\/api.w.org\/{rel}","templated":true}]}}