{"id":70160,"date":"2021-03-27T15:25:44","date_gmt":"2021-03-27T21:25:44","guid":{"rendered":"http:\/\/www.lospoliticosveracruz.com.mx\/?p=70160"},"modified":"2021-03-27T15:25:48","modified_gmt":"2021-03-27T21:25:48","slug":"se-le-cayo-a-zen-el-sistema","status":"publish","type":"post","link":"https:\/\/lospoliticosveracruz.com.mx\/?p=70160","title":{"rendered":"Se le cay\u00f3 a Zen\u2026 el Sistema"},"content":{"rendered":"\n<p><strong>Xalapa<\/strong><br>Decenas de j\u00f3venes estudiantes egresados de la Normal Superior Veracruzana est\u00e1n a punto de quedar sin oportunidad laboral por una supuesta falla en la plataforma Usicamm.<br>Mediante un documento dirigido al gobernador del Estado, Cuitl\u00e1huac Garc\u00eda Jim\u00e9nez y al secretario de Educaci\u00f3n, Zenyazen Escobar Garc\u00eda, los j\u00f3venes normalistas exponen la situaci\u00f3n.<br>\u00abA trav\u00e9s de la Comisi\u00f3n Estudiantil en pie de lucha, solicitamos su pronta intervenci\u00f3n para resolver la injusticia que se nos est\u00e1 cometiendo al no aceptarnos la plataforma de USICAMM nuestros documentos oficiales\u00bb.<br>Debido a esta falla en el sistema \u00abUsicamm\u00bb, los futuros docentes estar\u00edan por quedar fuera de la posibilidad de participar en el concurso para plaza de docente, a\u00fan cumpliendo con todos los requisitos que se requieren.<br>De acuerdo al calendario para inscribirse, ser\u00e1 el pr\u00f3ximo mi\u00e9rcoles 31, el \u00faltimo d\u00eda que tendr\u00edan oportunidad los alumnos egresados de la Normal, para poder participar en el concurso por una plaza.<br>\u00abPareciera que no nos quieren dar lo que por derecho nos pertenece, es muy raro que la plataforma siga sin funcionar desde hace d\u00edas\u00bb .<\/p>\n\n\n\n<figure class=\"wp-block-image size-large\"><a href=\"http:\/\/www.lospoliticosveracruz.com.mx\/wp-content\/uploads\/2021\/03\/Usicamm1.jpeg\"><img decoding=\"async\" src=\"http:\/\/www.lospoliticosveracruz.com.mx\/wp-content\/uploads\/2021\/03\/Usicamm1-753x1024.jpeg\" alt=\"\" class=\"wp-image-70162\"\/><\/a><\/figure>\n","protected":false},"excerpt":{"rendered":"<p>XalapaDecenas de j\u00f3venes estudiantes egresados de la Normal Superior Veracruzana est\u00e1n a punto de quedar sin oportunidad laboral por una supuesta falla en la plataforma Usicamm.Mediante un documento dirigido al gobernador del Estado, Cuitl\u00e1huac Garc\u00eda Jim\u00e9nez y al secretario de Educaci\u00f3n, Zenyazen Escobar Garc\u00eda, los j\u00f3venes normalistas exponen la situaci\u00f3n.\u00abA trav\u00e9s de la Comisi\u00f3n Estudiantil [&hellip;]<\/p>\n","protected":false},"author":2,"featured_media":0,"comment_status":"closed","ping_status":"closed","sticky":false,"template":"","format":"standard","meta":{"_jetpack_newsletter_access":"","_jetpack_dont_email_post_to_subs":false,"_jetpack_newsletter_tier_id":0,"_jetpack_memberships_contains_paywalled_content":false,"_jetpack_memberships_contains_paid_content":false,"footnotes":""},"categories":[6446],"tags":[3819,1563,27004,829,27003,27005,2418,12372],"class_list":["post-70160","post","type-post","status-publish","format-standard","hentry","category-la-nota","tag-concurso","tag-cuitlahuac-garcia-jimenez","tag-futuros-docentes","tag-normalistas","tag-plataforma-usicamm","tag-plaza","tag-secretario-de-educacion","tag-zenyazen-escobar-garcia"],"jetpack_featured_media_url":"","jetpack_sharing_enabled":true,"jetpack_shortlink":"https:\/\/wp.me\/p4Qcd3-ifC","_links":{"self":[{"href":"https:\/\/lospoliticosveracruz.com.mx\/index.php?rest_route=\/wp\/v2\/posts\/70160","targetHints":{"allow":["GET"]}}],"collection":[{"href":"https:\/\/lospoliticosveracruz.com.mx\/index.php?rest_route=\/wp\/v2\/posts"}],"about":[{"href":"https:\/\/lospoliticosveracruz.com.mx\/index.php?rest_route=\/wp\/v2\/types\/post"}],"author":[{"embeddable":true,"href":"https:\/\/lospoliticosveracruz.com.mx\/index.php?rest_route=\/wp\/v2\/users\/2"}],"replies":[{"embeddable":true,"href":"https:\/\/lospoliticosveracruz.com.mx\/index.php?rest_route=%2Fwp%2Fv2%2Fcomments&post=70160"}],"version-history":[{"count":1,"href":"https:\/\/lospoliticosveracruz.com.mx\/index.php?rest_route=\/wp\/v2\/posts\/70160\/revisions"}],"predecessor-version":[{"id":70163,"href":"https:\/\/lospoliticosveracruz.com.mx\/index.php?rest_route=\/wp\/v2\/posts\/70160\/revisions\/70163"}],"wp:attachment":[{"href":"https:\/\/lospoliticosveracruz.com.mx\/index.php?rest_route=%2Fwp%2Fv2%2Fmedia&parent=70160"}],"wp:term":[{"taxonomy":"category","embeddable":true,"href":"https:\/\/lospoliticosveracruz.com.mx\/index.php?rest_route=%2Fwp%2Fv2%2Fcategories&post=70160"},{"taxonomy":"post_tag","embeddable":true,"href":"https:\/\/lospoliticosveracruz.com.mx\/index.php?rest_route=%2Fwp%2Fv2%2Ftags&post=70160"}],"curies":[{"name":"wp","href":"https:\/\/api.w.org\/{rel}","templated":true}]}}