{"id":70244,"date":"2021-03-29T13:43:00","date_gmt":"2021-03-29T19:43:00","guid":{"rendered":"http:\/\/www.lospoliticosveracruz.com.mx\/?p=70244"},"modified":"2021-03-29T13:43:04","modified_gmt":"2021-03-29T19:43:04","slug":"que-la-fuerza-te-acompane-tato","status":"publish","type":"post","link":"https:\/\/lospoliticosveracruz.com.mx\/?p=70244","title":{"rendered":"Que la Fuerza te acompa\u00f1e, Tato!"},"content":{"rendered":"\n<p><strong>Xalapa<\/strong><br>Al mediod\u00eda de este lunes, Eduardo Vega Yunes se registr\u00f3 como candidato de Fuerza por M\u00e9xico (FXM) a la diputaci\u00f3n federal por el distrito 08 Xalapa Rural.<br>Acompa\u00f1ado de su familia y simpatizantes, el tambi\u00e9n dirigente estatal de Fuerza por M\u00e9xico acudi\u00f3 a las oficinas del Instituto Nacional Electoral (INE) donde present\u00f3 la documentaci\u00f3n requerida por la ley.<br>Durante el registro ante la autoridad electoral, Eduardo Vega Yunes tambi\u00e9n estuvo acompa\u00f1ado por el delegado estatal del Comit\u00e9 Ejecutivo Nacional (CEN), Gonzalo Vicencio Flores.<br>Al t\u00e9rmino del acto protocolario y cuidando en todo momento las medidas sanitarias, Vega Yunes agradeci\u00f3 a quienes se dieron cita en la sede distrital del INE para acompa\u00f1arlo.<br>Junto a Eduardo Vega Yunes, se registr\u00f3 como suplente el ingeniero agr\u00f3nomo Alejandro Laloth Berber.<\/p>\n","protected":false},"excerpt":{"rendered":"<p>XalapaAl mediod\u00eda de este lunes, Eduardo Vega Yunes se registr\u00f3 como candidato de Fuerza por M\u00e9xico (FXM) a la diputaci\u00f3n federal por el distrito 08 Xalapa Rural.Acompa\u00f1ado de su familia y simpatizantes, el tambi\u00e9n dirigente estatal de Fuerza por M\u00e9xico acudi\u00f3 a las oficinas del Instituto Nacional Electoral (INE) donde present\u00f3 la documentaci\u00f3n requerida por [&hellip;]<\/p>\n","protected":false},"author":2,"featured_media":0,"comment_status":"closed","ping_status":"closed","sticky":false,"template":"","format":"standard","meta":{"_jetpack_newsletter_access":"","_jetpack_dont_email_post_to_subs":false,"_jetpack_newsletter_tier_id":0,"_jetpack_memberships_contains_paywalled_content":false,"_jetpack_memberships_contains_paid_content":false,"footnotes":""},"categories":[73],"tags":[27053,652,24637,27052,10802,554],"class_list":["post-70244","post","type-post","status-publish","format-standard","hentry","category-de-boleto","tag-distrito-08-xalapa-rural","tag-eduardo-vega-yunes","tag-fuerza-por-mexico","tag-fxm","tag-gonzalo-vicencio-flores","tag-ine"],"jetpack_featured_media_url":"","jetpack_sharing_enabled":true,"jetpack_shortlink":"https:\/\/wp.me\/p4Qcd3-igY","_links":{"self":[{"href":"https:\/\/lospoliticosveracruz.com.mx\/index.php?rest_route=\/wp\/v2\/posts\/70244","targetHints":{"allow":["GET"]}}],"collection":[{"href":"https:\/\/lospoliticosveracruz.com.mx\/index.php?rest_route=\/wp\/v2\/posts"}],"about":[{"href":"https:\/\/lospoliticosveracruz.com.mx\/index.php?rest_route=\/wp\/v2\/types\/post"}],"author":[{"embeddable":true,"href":"https:\/\/lospoliticosveracruz.com.mx\/index.php?rest_route=\/wp\/v2\/users\/2"}],"replies":[{"embeddable":true,"href":"https:\/\/lospoliticosveracruz.com.mx\/index.php?rest_route=%2Fwp%2Fv2%2Fcomments&post=70244"}],"version-history":[{"count":1,"href":"https:\/\/lospoliticosveracruz.com.mx\/index.php?rest_route=\/wp\/v2\/posts\/70244\/revisions"}],"predecessor-version":[{"id":70246,"href":"https:\/\/lospoliticosveracruz.com.mx\/index.php?rest_route=\/wp\/v2\/posts\/70244\/revisions\/70246"}],"wp:attachment":[{"href":"https:\/\/lospoliticosveracruz.com.mx\/index.php?rest_route=%2Fwp%2Fv2%2Fmedia&parent=70244"}],"wp:term":[{"taxonomy":"category","embeddable":true,"href":"https:\/\/lospoliticosveracruz.com.mx\/index.php?rest_route=%2Fwp%2Fv2%2Fcategories&post=70244"},{"taxonomy":"post_tag","embeddable":true,"href":"https:\/\/lospoliticosveracruz.com.mx\/index.php?rest_route=%2Fwp%2Fv2%2Ftags&post=70244"}],"curies":[{"name":"wp","href":"https:\/\/api.w.org\/{rel}","templated":true}]}}