{"id":70359,"date":"2021-04-01T07:56:03","date_gmt":"2021-04-01T13:56:03","guid":{"rendered":"http:\/\/www.lospoliticosveracruz.com.mx\/?p=70359"},"modified":"2021-04-01T07:56:08","modified_gmt":"2021-04-01T13:56:08","slug":"luis-zarate-y-salgado-macedonio","status":"publish","type":"post","link":"https:\/\/lospoliticosveracruz.com.mx\/?p=70359","title":{"rendered":"Luis Z\u00e1rate y Salgado Macedonio"},"content":{"rendered":"\n<p><strong>Enrique Yasser Pompeyo<\/strong><\/p>\n\n\n\n<p><em>Mesa de Redacci\u00f3n<br><\/em><\/p>\n\n\n\n<p>Como se sabe, el Consejo General del Instituto Nacional Electoral (INE) aprob\u00f3 retirar la candidatura por Morena a F\u00e9lix Salgado Macedonio, quien busca la gubernatura de Guerrero, por no presentar en tiempo y forma su informe de gastos de precampa\u00f1a; adem\u00e1s, en ceros.<br><\/p>\n\n\n\n<div class=\"wp-block-image\"><figure class=\"alignleft size-large\"><a href=\"http:\/\/www.lospoliticosveracruz.com.mx\/wp-content\/uploads\/2021\/03\/Predial-Cordoba.png\"><img decoding=\"async\" src=\"http:\/\/www.lospoliticosveracruz.com.mx\/wp-content\/uploads\/2021\/03\/Predial-Cordoba.png\" alt=\"\" class=\"wp-image-69841\"\/><\/a><\/figure><\/div>\n\n\n\n<p>Los consejeros fundamentaron la decisi\u00f3n con base en la Ley General del Instituciones y Procedimientos Electorales, la cual establece en su art\u00edculo 229, numeral 3, que, si un precandidato incumple la obligaci\u00f3n de entregar su informe de ingresos y gastos de precampa\u00f1a dentro del plazo establecido, no podr\u00e1 ser registrado como candidato, y aquellos que no resulten abanderados, pero tampoco entreguen su comprobante, ser\u00e1n sancionados.<br>En respuesta, Morena y Macedonio respondieron que el partido no registr\u00f3 ante la autoridad electoral ning\u00fan proceso interno, s\u00f3lo la \u201cencuesta\u201d.<br>Es precisamente en este aspecto donde surgen las dudas y las interrogantes en el estado de Veracruz, particularmente en el distrito local con cabecera en Coatepec.<br>Si Morena no registr\u00f3 ante el Organismo P\u00fablico Local Electoral (OPLE) ning\u00fan proceso interno de precampa\u00f1as, ya que elegir\u00e1 a sus candidatos a diputados locales por medio de una encuesta, entonces a qu\u00e9 se debe todo el dispendio que ha venido realizando Luis Ronaldo Z\u00e1rate D\u00edaz.<br>En su intenci\u00f3n por obtener la candidatura ha hecho un derroche de recursos, pues en todo el distrito ha repartido tr\u00edpticos, ha colocado lonas, ha entregado calendarios, botellas de gel antibacterial y hasta mand\u00f3 a imprimir playeras con su nombre y los colores de Morena.<br>Para las bases morenistas estos hechos son actos anticipados de campa\u00f1a, por lo que los entes electorales deben estar pendientes de las acciones en las que incurre Luis Z\u00e1rate.<br>Por lo que se observa, quienes controlan al partido, se est\u00e1n arriesgando a perder no s\u00f3lo a su \u201cdelf\u00edn\u201d, sino tambi\u00e9n el distrito y todo por no respetar las normas establecidas en las leyes.<\/p>\n\n\n\n<p><strong>LOS OTROS ASPIRANTES POR XALAPA<br><\/strong>Ante el escenario de que no se concrete la alianza en Xalapa entre el PRI, PAN y PRD para la presidencia municipal, los ciudadanos se preguntan, entonces, \u00bfpor qui\u00e9n votar?<br>Si bien la poblaci\u00f3n m\u00e1s vulnerable, beneficiada con dinero p\u00fablico, a trav\u00e9s de los programas federales, votar\u00e1 por Ricardo Ahued Bardahuil, hay quienes ven como otra opci\u00f3n viable, real y seria, al ex rector de la Universidad Veracruzana, Ra\u00fal Arias Lovillo.<br>Si bien como abanderado de Movimiento Ciudadano (MC) significar\u00e1 todo un reto, Arias Lovillo es bien visto y contar\u00eda con el respaldo de varios sectores, como la comunidad acad\u00e9mica y generaciones de egresados.<br>Otra alternativa es Uriel Flores Aguayo, quien ser\u00e1 abanderado por el partido pol\u00edtico PODEMOS.<br>Ha sido en dos ocasiones diputado local y tambi\u00e9n fue legislador federal. Con una amplia trayectoria ha participado en movimientos de izquierda y cuenta con suficiente experiencia.<br>Los xalape\u00f1os deben analizar si a Ricardo Ahued Bardahuil, m\u00e1s all\u00e1 de sus buenas intenciones, le permitir\u00e1n administrar de manera libre o le ocurrir\u00e1 lo mismo que a Pedro Hip\u00f3lito Rodr\u00edguez Herrero.<\/p>\n\n\n\n<p>enriquepompeyo@hotmail.com<\/p>\n","protected":false},"excerpt":{"rendered":"<p>Enrique Yasser Pompeyo Mesa de Redacci\u00f3n Como se sabe, el Consejo General del Instituto Nacional Electoral (INE) aprob\u00f3 retirar la candidatura por Morena a F\u00e9lix Salgado Macedonio, quien busca la gubernatura de Guerrero, por no presentar en tiempo y forma su informe de gastos de precampa\u00f1a; adem\u00e1s, en ceros. Los consejeros fundamentaron la decisi\u00f3n con [&hellip;]<\/p>\n","protected":false},"author":2,"featured_media":0,"comment_status":"closed","ping_status":"closed","sticky":false,"template":"","format":"standard","meta":{"_jetpack_newsletter_access":"","_jetpack_dont_email_post_to_subs":false,"_jetpack_newsletter_tier_id":0,"_jetpack_memberships_contains_paywalled_content":false,"_jetpack_memberships_contains_paid_content":false,"footnotes":""},"categories":[70],"tags":[27108,15477,1132,340,26907,1026,2327,17783,266,7615,13365,107,24977,12621,2812,2552,96],"class_list":["post-70359","post","type-post","status-publish","format-standard","hentry","category-de-opinion","tag-derroche-de-recursos","tag-enrique-yasser-pompeyo","tag-felix-salgado-macedonio","tag-instituto-nacional-electoral","tag-luis-ronaldo-zarate-diaz","tag-morena","tag-movimiento-ciudadano","tag-organismo-publico-local-electoral","tag-pan","tag-pedro-hipolito-rodriguez-herrero","tag-podemos","tag-prd","tag-precandidato","tag-raul-arias-lovillo","tag-ricardo-ahued-bardahuil","tag-uriel-flores-aguayo","tag-xalapa"],"jetpack_featured_media_url":"","jetpack_sharing_enabled":true,"jetpack_shortlink":"https:\/\/wp.me\/p4Qcd3-iiP","_links":{"self":[{"href":"https:\/\/lospoliticosveracruz.com.mx\/index.php?rest_route=\/wp\/v2\/posts\/70359","targetHints":{"allow":["GET"]}}],"collection":[{"href":"https:\/\/lospoliticosveracruz.com.mx\/index.php?rest_route=\/wp\/v2\/posts"}],"about":[{"href":"https:\/\/lospoliticosveracruz.com.mx\/index.php?rest_route=\/wp\/v2\/types\/post"}],"author":[{"embeddable":true,"href":"https:\/\/lospoliticosveracruz.com.mx\/index.php?rest_route=\/wp\/v2\/users\/2"}],"replies":[{"embeddable":true,"href":"https:\/\/lospoliticosveracruz.com.mx\/index.php?rest_route=%2Fwp%2Fv2%2Fcomments&post=70359"}],"version-history":[{"count":1,"href":"https:\/\/lospoliticosveracruz.com.mx\/index.php?rest_route=\/wp\/v2\/posts\/70359\/revisions"}],"predecessor-version":[{"id":70363,"href":"https:\/\/lospoliticosveracruz.com.mx\/index.php?rest_route=\/wp\/v2\/posts\/70359\/revisions\/70363"}],"wp:attachment":[{"href":"https:\/\/lospoliticosveracruz.com.mx\/index.php?rest_route=%2Fwp%2Fv2%2Fmedia&parent=70359"}],"wp:term":[{"taxonomy":"category","embeddable":true,"href":"https:\/\/lospoliticosveracruz.com.mx\/index.php?rest_route=%2Fwp%2Fv2%2Fcategories&post=70359"},{"taxonomy":"post_tag","embeddable":true,"href":"https:\/\/lospoliticosveracruz.com.mx\/index.php?rest_route=%2Fwp%2Fv2%2Ftags&post=70359"}],"curies":[{"name":"wp","href":"https:\/\/api.w.org\/{rel}","templated":true}]}}