{"id":70413,"date":"2021-04-02T10:55:27","date_gmt":"2021-04-02T16:55:27","guid":{"rendered":"http:\/\/www.lospoliticosveracruz.com.mx\/?p=70413"},"modified":"2021-04-02T10:55:30","modified_gmt":"2021-04-02T16:55:30","slug":"reconocimiento-al-talento-veracruzano-dunyaska","status":"publish","type":"post","link":"https:\/\/lospoliticosveracruz.com.mx\/?p=70413","title":{"rendered":"Reconocimiento al Talento Veracruzano!: Dunyaska"},"content":{"rendered":"\n<p><strong>Veracruz<\/strong><br>La Diputada Federal por el Distrito XII de Veracruz, Mariana Dunyaska Garc\u00eda Rojas, encabez\u00f3 la ceremonia de la Cumbre Mundial del Conocimiento world knowledge summit Mexico 2021, en Veracruz, teniendo lugar en el Hotel Diligencias el Jueves 1 de Abril, donde se reconoci\u00f3 las aportaciones de Veracruzanos ilustres a la vida de nuestra ciudad.<br>La ciudadan\u00eda Veracruzana cuenta con personalidades que han destacado en la Salud, culturales, educativos, deportes, el servicio p\u00fablico y el trabajo comunitario en pro de la Sociedad.<br>Entre los Galardonados de la noche se encuentran el Beisbolista Profesional Remigio D\u00edaz Rogel, la Deportista Mar\u00eda se los \u00c1ngeles Ortiz, el Artista Pl\u00e1stico Jorge Dom\u00ednguez Cruz, la Consul De Belice Sandra V\u00e1zquez Castillo, el Fotografo Adolfo Z\u00e1rate Mart\u00ednez, la Directora de la Escuela Municipal de Bellas Artes Luc\u00eda Ortiz Beltr\u00e1n, el Alcalde de Paso de Ovejas Abel Ram\u00edrez Coria, la Arquitecta y Promotora Cultural Pilar Cos Malpica, el Narrador y Periodista Miguel Salvador Rodr\u00edguez Azueta,, el Director del ITBOCA Jaime Ca\u00f1as Ortega, la Emprendedora Veracruzana Olga Mar\u00eda Reyes Uscanga \u201cGamary\u201d, el Pianista y Arreglista Martin Espinosa Hern\u00e1ndez, la Activista y Ginec\u00f3loga Rosario Ramos Reyes, el Besibolista Luis Mere G\u00f3mez y la Enfermera Aurora Delgado Huerta.<br>Asistieron representantes de los municipios del distrito XII que abarca Veracruz, Jamapa, Medellin, Boca del R\u00edo y Manlio Fabio Altamirano; a quienes Dunyaska les reconoci\u00f3 p\u00fablicamente su labor en el servicio p\u00fablico.<br>La Diputada Federal estuvo Acompa\u00f1ada del Presidente de la Canaco en Veracruz, Jos\u00e9 Antonio Mendoza y el Doctor Honoris Causa Omar Alcantara, presidente de la Cumbre y del Colegio Internacional de Profesionistas.<br>Este emotivo evento fue el marco en el que los galardonados se comprometieron a trabajar por la comunidad Veracruzana y reconocieron la gesti\u00f3n permanente de la legisladora en diversos \u00e1mbitos. Impulsar\u00e1n los proyectos de la ni\u00f1ez y la juventud buscando los nuevos talentos en las universidades y los espacios p\u00fablicos, ya que ellos trascienden el hoy y el ma\u00f1ana no s\u00f3lo de Veracruz, sino de todo M\u00e9xico.<\/p>\n","protected":false},"excerpt":{"rendered":"<p>VeracruzLa Diputada Federal por el Distrito XII de Veracruz, Mariana Dunyaska Garc\u00eda Rojas, encabez\u00f3 la ceremonia de la Cumbre Mundial del Conocimiento world knowledge summit Mexico 2021, en Veracruz, teniendo lugar en el Hotel Diligencias el Jueves 1 de Abril, donde se reconoci\u00f3 las aportaciones de Veracruzanos ilustres a la vida de nuestra ciudad.La ciudadan\u00eda [&hellip;]<\/p>\n","protected":false},"author":2,"featured_media":0,"comment_status":"closed","ping_status":"closed","sticky":false,"template":"","format":"standard","meta":{"_jetpack_newsletter_access":"","_jetpack_dont_email_post_to_subs":false,"_jetpack_newsletter_tier_id":0,"_jetpack_memberships_contains_paywalled_content":false,"_jetpack_memberships_contains_paid_content":false,"footnotes":""},"categories":[73],"tags":[6816,27120,14685,5541,27121,195],"class_list":["post-70413","post","type-post","status-publish","format-standard","hentry","category-de-boleto","tag-canaco","tag-cumbre-mundial-de-conocimiento","tag-jose-antonio-mendoza-garcia","tag-mariana-dunyaska-garcia-rojas","tag-omar-alcantara","tag-veracruz"],"jetpack_featured_media_url":"","jetpack_sharing_enabled":true,"jetpack_shortlink":"https:\/\/wp.me\/p4Qcd3-ijH","_links":{"self":[{"href":"https:\/\/lospoliticosveracruz.com.mx\/index.php?rest_route=\/wp\/v2\/posts\/70413","targetHints":{"allow":["GET"]}}],"collection":[{"href":"https:\/\/lospoliticosveracruz.com.mx\/index.php?rest_route=\/wp\/v2\/posts"}],"about":[{"href":"https:\/\/lospoliticosveracruz.com.mx\/index.php?rest_route=\/wp\/v2\/types\/post"}],"author":[{"embeddable":true,"href":"https:\/\/lospoliticosveracruz.com.mx\/index.php?rest_route=\/wp\/v2\/users\/2"}],"replies":[{"embeddable":true,"href":"https:\/\/lospoliticosveracruz.com.mx\/index.php?rest_route=%2Fwp%2Fv2%2Fcomments&post=70413"}],"version-history":[{"count":1,"href":"https:\/\/lospoliticosveracruz.com.mx\/index.php?rest_route=\/wp\/v2\/posts\/70413\/revisions"}],"predecessor-version":[{"id":70415,"href":"https:\/\/lospoliticosveracruz.com.mx\/index.php?rest_route=\/wp\/v2\/posts\/70413\/revisions\/70415"}],"wp:attachment":[{"href":"https:\/\/lospoliticosveracruz.com.mx\/index.php?rest_route=%2Fwp%2Fv2%2Fmedia&parent=70413"}],"wp:term":[{"taxonomy":"category","embeddable":true,"href":"https:\/\/lospoliticosveracruz.com.mx\/index.php?rest_route=%2Fwp%2Fv2%2Fcategories&post=70413"},{"taxonomy":"post_tag","embeddable":true,"href":"https:\/\/lospoliticosveracruz.com.mx\/index.php?rest_route=%2Fwp%2Fv2%2Ftags&post=70413"}],"curies":[{"name":"wp","href":"https:\/\/api.w.org\/{rel}","templated":true}]}}