{"id":70467,"date":"2021-04-04T16:11:37","date_gmt":"2021-04-04T21:11:37","guid":{"rendered":"http:\/\/www.lospoliticosveracruz.com.mx\/?p=70467"},"modified":"2021-04-04T16:11:40","modified_gmt":"2021-04-04T21:11:40","slug":"por-la-renovacion-de-la-clase-politica-tato","status":"publish","type":"post","link":"https:\/\/lospoliticosveracruz.com.mx\/?p=70467","title":{"rendered":"Por la renovaci\u00f3n de la clase pol\u00edtica: Tato"},"content":{"rendered":"\n<p><em>Xalapa<\/em><br>Con un llamado a renovar la clase pol\u00edtica para cambiar la forma de gobernar, el candidato de Fuerza por M\u00e9xico (FXM) a la diputaci\u00f3n federal por el distrito de Xalapa Rural, Eduardo Vega Yunes, arranc\u00f3 su campa\u00f1a.<\/p>\n\n\n\n<p>Acompa\u00f1ado de su familia, Tato Vega encabez\u00f3 una caravana con simpatizantes provenientes de los 22 municipios que conforman el distrito, el cual se comprometi\u00f3 a recorrer nuevamente, pues as\u00ed lo ha hecho en los \u00faltimos a\u00f1os.<\/p>\n\n\n\n<p>En su mensaje, Tato Vega lament\u00f3 que el distrito de Xalapa Rural se encuentre pr\u00e1cticamente abandonado, situaci\u00f3n que no puede explicarse pues quienes han sido sus representantes populares ante el Congreso de la Uni\u00f3n han contado con gobiernos estatales y federales de su mismo partido.<\/p>\n\n\n\n<p>\u201cHay que tener un poco de verg\u00fcenza cuando pides la oportunidad, te la dan y no cumples&#8230; no la puedes volverla a pedir, m\u00e1s bien debes retirarte\u201d, se\u00f1al\u00f3.<\/p>\n\n\n\n<p>Tambi\u00e9n sostuvo que en los recorridos previos realizados, como parte de sus funciones como dirigente estatal de Fuerza por M\u00e9xico, se percat\u00f3 que en \u00e9ste y otros distritos, la ciudadan\u00eda no conoce a sus diputados, lo que habla de una absoluta lejan\u00eda con quienes le entregaron su confianza en las urnas.<\/p>\n\n\n\n<p>Por ello, se comprometi\u00f3 a luchar porque esas pr\u00e1cticas cambien y debe comenzarse, insisti\u00f3, en la renovaci\u00f3n de la clase pol\u00edtica para darle paso a j\u00f3venes, hombres y mujeres, con compromiso real de servicio y entregados a las causas sociales.<\/p>\n\n\n\n<p>Despu\u00e9s de la caravana de arranque de campa\u00f1a, Tato Vega encabeza recorridos en las comunidades de Chiltoyac, Tamarindo y Carrizal.<\/p>\n","protected":false},"excerpt":{"rendered":"<p>XalapaCon un llamado a renovar la clase pol\u00edtica para cambiar la forma de gobernar, el candidato de Fuerza por M\u00e9xico (FXM) a la diputaci\u00f3n federal por el distrito de Xalapa Rural, Eduardo Vega Yunes, arranc\u00f3 su campa\u00f1a. Acompa\u00f1ado de su familia, Tato Vega encabez\u00f3 una caravana con simpatizantes provenientes de los 22 municipios que conforman [&hellip;]<\/p>\n","protected":false},"author":2,"featured_media":0,"comment_status":"closed","ping_status":"closed","sticky":false,"template":"","format":"standard","meta":{"_jetpack_newsletter_access":"","_jetpack_dont_email_post_to_subs":false,"_jetpack_newsletter_tier_id":0,"_jetpack_memberships_contains_paywalled_content":false,"_jetpack_memberships_contains_paid_content":false,"footnotes":""},"categories":[73],"tags":[652,24637,249],"class_list":["post-70467","post","type-post","status-publish","format-standard","hentry","category-de-boleto","tag-eduardo-vega-yunes","tag-fuerza-por-mexico","tag-tato-vega-yunes"],"jetpack_featured_media_url":"","jetpack_sharing_enabled":true,"jetpack_shortlink":"https:\/\/wp.me\/p4Qcd3-ikz","_links":{"self":[{"href":"https:\/\/lospoliticosveracruz.com.mx\/index.php?rest_route=\/wp\/v2\/posts\/70467","targetHints":{"allow":["GET"]}}],"collection":[{"href":"https:\/\/lospoliticosveracruz.com.mx\/index.php?rest_route=\/wp\/v2\/posts"}],"about":[{"href":"https:\/\/lospoliticosveracruz.com.mx\/index.php?rest_route=\/wp\/v2\/types\/post"}],"author":[{"embeddable":true,"href":"https:\/\/lospoliticosveracruz.com.mx\/index.php?rest_route=\/wp\/v2\/users\/2"}],"replies":[{"embeddable":true,"href":"https:\/\/lospoliticosveracruz.com.mx\/index.php?rest_route=%2Fwp%2Fv2%2Fcomments&post=70467"}],"version-history":[{"count":1,"href":"https:\/\/lospoliticosveracruz.com.mx\/index.php?rest_route=\/wp\/v2\/posts\/70467\/revisions"}],"predecessor-version":[{"id":70469,"href":"https:\/\/lospoliticosveracruz.com.mx\/index.php?rest_route=\/wp\/v2\/posts\/70467\/revisions\/70469"}],"wp:attachment":[{"href":"https:\/\/lospoliticosveracruz.com.mx\/index.php?rest_route=%2Fwp%2Fv2%2Fmedia&parent=70467"}],"wp:term":[{"taxonomy":"category","embeddable":true,"href":"https:\/\/lospoliticosveracruz.com.mx\/index.php?rest_route=%2Fwp%2Fv2%2Fcategories&post=70467"},{"taxonomy":"post_tag","embeddable":true,"href":"https:\/\/lospoliticosveracruz.com.mx\/index.php?rest_route=%2Fwp%2Fv2%2Ftags&post=70467"}],"curies":[{"name":"wp","href":"https:\/\/api.w.org\/{rel}","templated":true}]}}