{"id":70493,"date":"2021-04-05T09:56:00","date_gmt":"2021-04-05T14:56:00","guid":{"rendered":"http:\/\/www.lospoliticosveracruz.com.mx\/?p=70493"},"modified":"2021-04-05T09:56:04","modified_gmt":"2021-04-05T14:56:04","slug":"el-uso-faccioso-de-la-ley","status":"publish","type":"post","link":"https:\/\/lospoliticosveracruz.com.mx\/?p=70493","title":{"rendered":"El uso faccioso de la Ley"},"content":{"rendered":"\n<p><strong>Walter Ram\u00edrez Aguilar<\/strong><\/p>\n\n\n\n<p>Restringir la labor period\u00edstica, el ejercicio de la protesta y el derecho a la libertad de expresi\u00f3n en general, es a decir de los expertos en Derecho, la s\u00edntesis de las agravantes que fueron modificadas por el Congreso de Veracruz el pasado 11 de marzo y que ha dado pie a m\u00faltiples preocupaciones que podr\u00edan propician que el gobierno del Veracruz pueda hacer un uso pol\u00edtico de este tipo penal en contra de opositores, colectivos ciudadanos y reporteros.<br>Dos d\u00edas despu\u00e9s de que el gobernador del estado, Cuitl\u00e1huac Garc\u00eda Jim\u00e9nez, reiterara su defensa a esas modificaciones legales a los Art\u00edculos 331 y 371 Quinquies del C\u00f3digo Penal del estado y que establecen los expertos que es ambigua, porque los t\u00e9rminos en los que est\u00e1n redactados son amplios.<br>El Secretario de Seguridad P\u00fablica, Hugo Guti\u00e9rrez Maldonado, ofreci\u00f3 una conferencia de prensa a reporteros de medios de comunicaci\u00f3n cercanos al poder y estableci\u00f3 que gente mal intencionada ha propagado informaci\u00f3n cuyo \u00fanico prop\u00f3sito es el de mal informar a la sociedad y reiter\u00f3 su gratitud al gobernador y a los diputados integrantes de la LXV Legislatura veracruzana por haber votado esas reformas que hasta ahora han permitido que al menos cinco personas hayan sido detenidas y horas despu\u00e9s dejadas en libertad, a excepci\u00f3n de Rogelio Franco Cast\u00e1n, reconocido pol\u00edtico opositor y qui\u00e9n ha sido condenado a permanecer 8 meses en prisi\u00f3n preventiva oficiosa, bajo el argumento de que podr\u00eda escapar el brazo de la Ley, porque cuenta con al menos seis domicilios distintos, uno de ellos incluso fuera del estado, y con recursos econ\u00f3micos suficientes para poderse esconder.<br>Si bien, es necesario reconocer que el delito de ultrajes ya era vigente antes del 11 de marzo de este a\u00f1o y establec\u00eda la imposici\u00f3n de \u00abseis meses a dos a\u00f1os de prisi\u00f3n y multa hasta de cuarenta d\u00edas de salario a quien amenace o agreda a un servidor p\u00fablico en el momento de ejercer sus funciones o con motivo de ellas\u00bb, es tambi\u00e9n innegable mencionar que la adhesi\u00f3n de las agravantes referidas en la nueva redacci\u00f3n del tipo penal arriba referido, debido a su vaga redacci\u00f3n, permite la interpretaci\u00f3n de dichos delitos y pueden usarse de manera facciosa en contra de cualquier persona que resulte inc\u00f3moda al gobierno.<br>Pese a que las autoridades del gobierno de Veracruz se sienten incomprendidas y laceradas por las voces cr\u00edticas y expertas de los especialistas en Derecho, es menester referir que las agravantes establecidas hoy en la Ley pueden considerarse indirectamente inconstitucionales.<br>La mediocre redacci\u00f3n y falta de t\u00e9cnica legislativa que las sostienen, pueden y deben ser combatidas en los Tribunales ya que la sociedad corre un alto riesgo y peligro ante las vagas interpretaciones que en su contra har\u00e1n las autoridades.<br>Como se mencion\u00f3, de los cinco casos que se han registrado desde el pasado 11 de marzo, cuatro han recuperado su libertad y s\u00f3lo uno se ha sostenido, pero en tanto no se interponga la Acci\u00f3n de Inconstitucionalidad que diversas organizaciones de la sociedad civil esperan y demandan que realice y presente la Comisi\u00f3n Estatal de los Derechos Humanos y se resuelva posteriormente por la Sala Constitucional del Poder Judicial del Estado de Veracruz, el caso de Rogelio Franco Cast\u00e1n seguir\u00e1 tal y como hoy se encuentra.<br>Y es que de acuerdo con especialistas, la inconstitucionalidad de esas reformas, si llegara, podr\u00eda tardar por lo menos un a\u00f1o y medio. Y durante ese periodo, hay que machacarlo, la sociedad est\u00e1 en una situaci\u00f3n de inseguridad jur\u00eddica ante la forma fast track de hacer leyes en Veracruz.<\/p>\n","protected":false},"excerpt":{"rendered":"<p>Walter Ram\u00edrez Aguilar Restringir la labor period\u00edstica, el ejercicio de la protesta y el derecho a la libertad de expresi\u00f3n en general, es a decir de los expertos en Derecho, la s\u00edntesis de las agravantes que fueron modificadas por el Congreso de Veracruz el pasado 11 de marzo y que ha dado pie a m\u00faltiples [&hellip;]<\/p>\n","protected":false},"author":2,"featured_media":0,"comment_status":"closed","ping_status":"closed","sticky":false,"template":"","format":"standard","meta":{"_jetpack_newsletter_access":"","_jetpack_dont_email_post_to_subs":false,"_jetpack_newsletter_tier_id":0,"_jetpack_memberships_contains_paywalled_content":false,"_jetpack_memberships_contains_paid_content":false,"footnotes":""},"categories":[70],"tags":[12031,393,13561,2932,13303,20538,27174,2139,27173,6540,808],"class_list":["post-70493","post","type-post","status-publish","format-standard","hentry","category-de-opinion","tag-colectivos","tag-congreso-de-veracruz","tag-cuitlahauc-garcia-jimenez","tag-gobierno-de-veracruz","tag-hugo-gutierrez-maldonado","tag-inconstitucionalidad","tag-inseguridad-juridica","tag-libertad-de-expresion","tag-opositores","tag-reporteros","tag-rogelio-franco-castan"],"jetpack_featured_media_url":"","jetpack_sharing_enabled":true,"jetpack_shortlink":"https:\/\/wp.me\/p4Qcd3-ikZ","_links":{"self":[{"href":"https:\/\/lospoliticosveracruz.com.mx\/index.php?rest_route=\/wp\/v2\/posts\/70493","targetHints":{"allow":["GET"]}}],"collection":[{"href":"https:\/\/lospoliticosveracruz.com.mx\/index.php?rest_route=\/wp\/v2\/posts"}],"about":[{"href":"https:\/\/lospoliticosveracruz.com.mx\/index.php?rest_route=\/wp\/v2\/types\/post"}],"author":[{"embeddable":true,"href":"https:\/\/lospoliticosveracruz.com.mx\/index.php?rest_route=\/wp\/v2\/users\/2"}],"replies":[{"embeddable":true,"href":"https:\/\/lospoliticosveracruz.com.mx\/index.php?rest_route=%2Fwp%2Fv2%2Fcomments&post=70493"}],"version-history":[{"count":1,"href":"https:\/\/lospoliticosveracruz.com.mx\/index.php?rest_route=\/wp\/v2\/posts\/70493\/revisions"}],"predecessor-version":[{"id":70494,"href":"https:\/\/lospoliticosveracruz.com.mx\/index.php?rest_route=\/wp\/v2\/posts\/70493\/revisions\/70494"}],"wp:attachment":[{"href":"https:\/\/lospoliticosveracruz.com.mx\/index.php?rest_route=%2Fwp%2Fv2%2Fmedia&parent=70493"}],"wp:term":[{"taxonomy":"category","embeddable":true,"href":"https:\/\/lospoliticosveracruz.com.mx\/index.php?rest_route=%2Fwp%2Fv2%2Fcategories&post=70493"},{"taxonomy":"post_tag","embeddable":true,"href":"https:\/\/lospoliticosveracruz.com.mx\/index.php?rest_route=%2Fwp%2Fv2%2Ftags&post=70493"}],"curies":[{"name":"wp","href":"https:\/\/api.w.org\/{rel}","templated":true}]}}