{"id":70505,"date":"2021-04-05T12:55:00","date_gmt":"2021-04-05T17:55:00","guid":{"rendered":"http:\/\/www.lospoliticosveracruz.com.mx\/?p=70505"},"modified":"2021-04-05T12:55:04","modified_gmt":"2021-04-05T17:55:04","slug":"veracruz-de-reversa-con-cuic-maryjose","status":"publish","type":"post","link":"https:\/\/lospoliticosveracruz.com.mx\/?p=70505","title":{"rendered":"Veracruz, de reversa con Cuic: Maryjose"},"content":{"rendered":"\n<p><strong>Veracruz<\/strong><br>La candidata a la diputaci\u00f3n federal por el Distrito 12 Veracruz de la coalici\u00f3n \u201cVa por M\u00e9xico\u201d, integrada por los partidos PAN-PRI-PRD, Maryjose Gamboa Torales, manifest\u00f3 que exigir\u00e1 que las cosas se hagan de la manera correcta para enmendar el camino por el que el gobierno estatal est\u00e1 llevando la entidad veracruzana.<br>\u201cSeguiremos luchando, llevaremos todas las atrocidades que se est\u00e1n cometiendo en Veracruz y las denunciaremos desde la M\u00e1xima Tribuna del pa\u00eds que es el Congreso de la Uni\u00f3n\u201d, afirm\u00f3.<br>Se\u00f1al\u00f3 que en Veracruz se ha retrocedido much\u00edsimos a\u00f1os en el tema de democracia, y d\u00e9cadas en el tema de derechos humanos, a ra\u00edz de las nuevas leyes o de las nuevas imposiciones del actual gobernador.<br>Maryjose Gamboa dijo que ser una oposici\u00f3n firme en contra de todos estos abusos ser\u00e1 una de sus prioridades como legisladora federal.<br>\u201cEn Veracruz estamos viviendo una verdadera tragedia con Cuitl\u00e1huac Garc\u00eda como gobernador. No hay otra manera de llamarlo cuando estamos viendo a compa\u00f1eros, amigos, periodistas, ciudadanos, pol\u00edticos, injustamente encarcelados simple y sencillamente por alzar la voz\u201d.<br>Subray\u00f3 que hace un par de semanas y en fast track, como acostumbran, aprobaron la llamada Ley Garrote que implica que todas las y los veracruzanos no puedan ni siquiera mirar feo a un polic\u00eda. \u201cCon mirarlo feo basta para que sea usted privado de su libertad, para que sea encarcelado en Veracruz\u201d.<br>La candidata a la diputaci\u00f3n federal por la alianza \u201cVa por Veracruz\u201d, dijo su campa\u00f1a ser\u00e1 de a pie y recorrer\u00e1 los cinco municipios del Distrito 12 por los que le corresponde contender que incluye Veracruz, Boca del R\u00edo, Medell\u00edn, Jamapa y Manlio Fabio Altamirano.<\/p>\n","protected":false},"excerpt":{"rendered":"<p>VeracruzLa candidata a la diputaci\u00f3n federal por el Distrito 12 Veracruz de la coalici\u00f3n \u201cVa por M\u00e9xico\u201d, integrada por los partidos PAN-PRI-PRD, Maryjose Gamboa Torales, manifest\u00f3 que exigir\u00e1 que las cosas se hagan de la manera correcta para enmendar el camino por el que el gobierno estatal est\u00e1 llevando la entidad veracruzana.\u201cSeguiremos luchando, llevaremos todas [&hellip;]<\/p>\n","protected":false},"author":2,"featured_media":0,"comment_status":"closed","ping_status":"closed","sticky":false,"template":"","format":"standard","meta":{"_jetpack_newsletter_access":"","_jetpack_dont_email_post_to_subs":false,"_jetpack_newsletter_tier_id":0,"_jetpack_memberships_contains_paywalled_content":false,"_jetpack_memberships_contains_paid_content":false,"footnotes":""},"categories":[73],"tags":[1563,1871,195],"class_list":["post-70505","post","type-post","status-publish","format-standard","hentry","category-de-boleto","tag-cuitlahuac-garcia-jimenez","tag-marijose-gamboa-torales","tag-veracruz"],"jetpack_featured_media_url":"","jetpack_sharing_enabled":true,"jetpack_shortlink":"https:\/\/wp.me\/p4Qcd3-ilb","_links":{"self":[{"href":"https:\/\/lospoliticosveracruz.com.mx\/index.php?rest_route=\/wp\/v2\/posts\/70505","targetHints":{"allow":["GET"]}}],"collection":[{"href":"https:\/\/lospoliticosveracruz.com.mx\/index.php?rest_route=\/wp\/v2\/posts"}],"about":[{"href":"https:\/\/lospoliticosveracruz.com.mx\/index.php?rest_route=\/wp\/v2\/types\/post"}],"author":[{"embeddable":true,"href":"https:\/\/lospoliticosveracruz.com.mx\/index.php?rest_route=\/wp\/v2\/users\/2"}],"replies":[{"embeddable":true,"href":"https:\/\/lospoliticosveracruz.com.mx\/index.php?rest_route=%2Fwp%2Fv2%2Fcomments&post=70505"}],"version-history":[{"count":1,"href":"https:\/\/lospoliticosveracruz.com.mx\/index.php?rest_route=\/wp\/v2\/posts\/70505\/revisions"}],"predecessor-version":[{"id":70507,"href":"https:\/\/lospoliticosveracruz.com.mx\/index.php?rest_route=\/wp\/v2\/posts\/70505\/revisions\/70507"}],"wp:attachment":[{"href":"https:\/\/lospoliticosveracruz.com.mx\/index.php?rest_route=%2Fwp%2Fv2%2Fmedia&parent=70505"}],"wp:term":[{"taxonomy":"category","embeddable":true,"href":"https:\/\/lospoliticosveracruz.com.mx\/index.php?rest_route=%2Fwp%2Fv2%2Fcategories&post=70505"},{"taxonomy":"post_tag","embeddable":true,"href":"https:\/\/lospoliticosveracruz.com.mx\/index.php?rest_route=%2Fwp%2Fv2%2Ftags&post=70505"}],"curies":[{"name":"wp","href":"https:\/\/api.w.org\/{rel}","templated":true}]}}