{"id":70531,"date":"2021-04-06T08:17:53","date_gmt":"2021-04-06T13:17:53","guid":{"rendered":"http:\/\/www.lospoliticosveracruz.com.mx\/?p=70531"},"modified":"2021-04-06T11:29:51","modified_gmt":"2021-04-06T16:29:51","slug":"un-acosador-jamas-sera-rector","status":"publish","type":"post","link":"https:\/\/lospoliticosveracruz.com.mx\/?p=70531","title":{"rendered":"Un acosador jam\u00e1s ser\u00e1 rector"},"content":{"rendered":"\n<p><strong>Ricardo Ch\u00faa<\/strong><\/p>\n\n\n\n<p><em>Sale y Vale<\/em><\/p>\n\n\n\n<p>OJO&#8230; Hoy le conceden la licencia definitiva al diputado federal, Ricardo Exsome Zapata&#8230; Legislador de MORENA por el distrito IV de Veracruz puerto&#8230; \u00cbl fue uno de los diputados que se la jugaron con Mario Delgado para la dirigencia nacional&#8230; Despu\u00e9s de eso, Delgado lo hizo \u00abresponsable\u00bb de varios distritos electorales federales y locales en la entidad para este proceso de selecci\u00f3n de candidatos&#8230; Un encargo directo del comit\u00e9 nacional&#8230; Al parecer, Exsome ya entreg\u00f3 cuentas y le dieron la licencia&#8230;&nbsp;<\/p>\n\n\n\n<div class=\"wp-block-image\"><figure class=\"alignleft size-large is-resized\"><a class=\"https:\/\/drive.google.com\/file\/d\/1Q9mJWAbAAcSE5Xy3gLetz4G7zcZVnOr5\/view?fbclid=IwAR21RCgSVy7rnC7mFt72TIVuewikDvUknkwyTne89f8AwxPGge10KkDXXhI\" href=\"https:\/\/drive.google.com\/file\/d\/1Q9mJWAbAAcSE5Xy3gLetz4G7zcZVnOr5\/view?fbclid=IwAR21RCgSVy7rnC7mFt72TIVuewikDvUknkwyTne89f8AwxPGge10KkDXXhI\" rel=\"https:\/\/drive.google.com\/file\/d\/1Q9mJWAbAAcSE5Xy3gLetz4G7zcZVnOr5\/view?fbclid=IwAR21RCgSVy7rnC7mFt72TIVuewikDvUknkwyTne89f8AwxPGge10KkDXXhI\"><img loading=\"lazy\" decoding=\"async\" src=\"http:\/\/www.lospoliticosveracruz.com.mx\/wp-content\/uploads\/2021\/04\/CLASES-MAGISTRALES.jpg\" alt=\"\" class=\"wp-image-70534\" width=\"350\" height=\"232\"\/><\/a><\/figure><\/div>\n\n\n\n<p>Ya en Veracruz puerto tienen idea a lo que viene Ricardo Exsome en estos tiempos electorales&#8230; Es s\u00f3lo momento de esperar que lo hagan oficial&#8230; MORENA ya tiene \u00abhumo blanco\u00bb en esta ciudad&#8230; Asimismo este mi\u00e9rcoles al mediod\u00eda, su suplente, Francisco Lorenzo tomar\u00e1 protesta como diputado federal por los meses que le restan a esta legislatura en el Congreso de la Uni\u00f3n&#8230; Pase lo que pase&#8230; Ricardo Exsome ya no regresa a San L\u00e1zaro&#8230; Quiere otro \u00abPalacio\u00bb&nbsp;&nbsp;AMEN&#8230;&nbsp;&nbsp;<\/p>\n\n\n\n<p>\u00abEL SALSERO\u00bb DEL INE EN VERACRUZ&#8230; Luego que circul\u00f3 una nota period\u00edstica en conocido portal de Xalapa&#8230; Donde el el polit\u00f3logo veracruzano, Eduardo de la Torre Jaramillo acus\u00f3 al Consejero Electoral del INE, Jos\u00e9 Roberto Ruiz Salda\u00f1a, de mantener PR\u00c1CTICAMENTE \u00abSECUESTRADO\u00bb al OPLE en Veracruz para IMPONER a consejeros locales y tener un control que no beneficia en nada a la democracia en la entidad .. Otras historias se \u00abtejen\u00bb en la Junta Local del INE en Veracruz donde tiene que ver Ruiz Salda\u00f1a&#8230;&nbsp;<\/p>\n\n\n\n<p>Hay que recordar que Ruiz Salda\u00f1a, es de los consejeros nacionales electorales del INE, que tiene un espacio a lado de Lorenzo C\u00f3rdova, el consejero Presidente y Ciro Murayama, el famoso consejero que est\u00e1 enfrentado con pleitos pol\u00edticos-electorales con Andr\u00e9s Manuel L\u00f3pez Obrador&#8230; De ese nivel es Ruiz Salda\u00f1a, donde en Veracruz, sus \u00abtent\u00e1culos\u00bb no s\u00f3lo est\u00e1n metidos en el OPLE sino tambi\u00e9n en el Instituto Veracruzano de Acceso a la Informaci\u00f3n (IVAI), tal como lo denuncia De la Torre Jaramillo&#8230;&nbsp;<\/p>\n\n\n\n<p>Seg\u00fan \u00abGarganta Profunda\u00bb en la Junta Local del INE en Veracruz, uno de sus vocales ejecutivos, Josu\u00e9 Cervantes Mart\u00ednez&#8230; Quien estuvo en el Estado de Colima con el mismo puesto y en esa entidad, fue acusado por el PRI de tener tendencia panista&#8230; Pero antes de llegar a Veracruz, tambi\u00e9n fue vocal en Nayarit y lo siguieron acusando de ser panista&#8230; Pero de all\u00e1, PRESUNTAMENTE, se lo trajo el ex gobernador, Miguel \u00c1ngel Yunes Lunares, a \u00abengrosar\u00bb el INE en Veracruz&#8230; Y como le gusta \u00abla salsa\u00bb&#8230; Aqu\u00ed se sinti\u00f3 en casa&#8230;<\/p>\n\n\n\n<p>Pero Cervantes Mart\u00ednez tom\u00f3 un gran poder en la Junta Local del INE en Veracruz&#8230; Tanto as\u00ed que lleg\u00f3 a ser como un \u00abgerente\u00bb de este instituto, ya que tambi\u00e9n es un personaje que est\u00e1 muy especializado en cuestiones administrativas&#8230; Pero tambi\u00e9n \u00abGarganta Profunda\u00bb confiesa que no tiene el control de los otros 20 vocales ejecutivos en \u00abjarochilandia\u00bb&#8230; Sin embargo, por su relaci\u00f3n con Edmundo Jacobo Molina, secretario Ejecutivo del INE desde abril del 2014&#8230; Los tiene a todos en la mira&#8230; Y con el poder para cambiarlos de adscripci\u00f3n&#8230;<\/p>\n\n\n\n<p>Adem\u00e1s en la Junta Local del INE tambi\u00e9n se sabe&#8230; Dicen los \u00abmalquerientes\u00bb de Cervantes Mart\u00ednez, que aparte de ser vocal Ejecutivo, ahora tambi\u00e9n es empresario constructor&#8230; Ya que ahora tiene el \u00abpasatiempo\u00bb en sus tiempos libres de construir casas y departamentos, que es a lo que se ha dedicado \u00faltimamente&#8230; Pero como es un \u00abamante de la salsa\u00bb, que hasta puso una escuela de este candente baile en el interior del INE&#8230; Ah\u00ed en la avenida \u00c1vila Camacho de Xalapa&#8230; Esas pr\u00e1cticas patrimonialistas las realiz\u00f3 durante casi un a\u00f1o&#8230; AZUCAAARRR&#8230;<\/p>\n\n\n\n<p>As\u00ed que en este vocal, Jos\u00fae Cervantes&#8230; En vez de estar leyendo dict\u00e1menes o atendiendo las juntas con Lorenzo C\u00f3rdova o escuchando los argumentos de Ciro Murayama&#8230; Mejor se la pasaba escuchando a Marc Antonhy y Gilberto Santa Rosa: \u00abPerdoname&#8230; Perdoname&#8230; No me hagas llorar&#8230; Perdoname&#8230; Perdoname&#8230; Que tengo que hacer&#8230; Pido la paz para esta guerra, amor perd\u00f3name\u00bb&#8230;.&nbsp;&nbsp;BORIIIIICUAAAAAAAAA&#8230;. As\u00ed se escuchaba el edificio del INE en Xalapa&#8230;&nbsp;<\/p>\n\n\n\n<p>Pero seg\u00fan \u00abGarganta Profunda\u00bb a Cervantes le entr\u00f3 el s\u00edndrome de \u00abcambiar de pijama a media noche\u00bb cuando en 2018 con el triunfo de Andr\u00e9s Manuel L\u00f3pez Obrador&#8230; Olvido al PAN y a Los Yunes Azules.. Y al paso del tiempo fue uno de los conversos m\u00e1s a MORENA&#8230; Presuntamente hoy, se puede observar en los consejos distritales en Veracruz, que la mayor\u00eda de ellos, provienen de este partido&#8230; Se acab\u00f3 la pluralidad pol\u00edtica en los consejos&#8230; Adem\u00e1s de que la mayor\u00eda no tiene experiencia electoral&#8230; Puro impuesto&#8230;&nbsp;<\/p>\n\n\n\n<p>Finalmente poco le importa a Jos\u00fae Cervantes esta situaci\u00f3n&#8230; Ya que \u00e9l es otro \u00abalfil\u00bb del ahora consejero Neo-Morenista, Jos\u00e9 Roberto Ruiz Salda\u00f1a, quien tambi\u00e9n en su momento fue aliado de Yunes Linares&#8230; Basta recordar el libelo que public\u00f3 este consejero apoyando la reducci\u00f3n de regidores en los ayuntamientos.. Que fue una iniciativa de ley fallida&#8230; Sobre todo por el pobre argumento, de que el pago de los regidores, era un ahorro para el municipio&#8230; Pero al caer el PAN Yunes&#8230; Se fueron con los Morenos y sus \u00abalfiles\u00bb electorales tambi\u00e9n&#8230;<\/p>\n\n\n\n<p>No obstante, ahora el dilema de Josu\u00e9 Cervantes&#8230; Es que si la coalici\u00f3n opositora \u00abVa por M\u00e9xico\u00bb gana la mayor\u00eda de los distritos electorales federales en Veracruz.. A pesar de haber puesto la estructura de los 20 consejos distritales y si pierde tendr\u00e1 que hacer su TERCERA conversi\u00f3n: PRI al PAN, del PAN a MORENA y, de ser el caso, regresar\u00e1 al PRIAN&#8230; Y como le gusta la salsa: \u00abYoooo que te conozco bien, me atrever\u00eda a jurar que vas a regresar, que tocaras mi puerta&#8230; Me atrever\u00eda a decir que est\u00e1s arrepentido&#8230; A cada mirada\u00bb&#8230;&nbsp;&nbsp;<\/p>\n\n\n\n<p>PD&#8230; Pero el tema TRASCENDENTE es que el consejero electoral del INE, Jos\u00e9 Roberto Ruiz Salda\u00f1a, ahora quiere ser Rector de la UV&#8230; Esa es toda la \u00abtirada\u00bb&#8230; Este funcionario electoral es nativo de Xalapa&#8230; Pero su cargo en el instituto, se lo debe a la \u00abgesti\u00f3n\u00bb del ex gobernador de Sonora, Guillermo Padr\u00e9s, de quien fue su asesor en su paso por Palacio de Gobierno en Hermosillo&#8230; El ex mandatario lo impuls\u00f3 poco antes de que fuera detenido por la anterior PGR y purgado una condena por peculado&#8230;<\/p>\n\n\n\n<p>Ahora Ruiz Salda\u00f1a quiere regresar a su \u00abterru\u00f1o a gobernar\u00bb en lo acad\u00e9mico&#8230; Pero a lo grande&#8230; Buscando ser Rector de la m\u00e1xima Casa de Estudios&#8230; A pesar que tienen bien checado de no cumplir los requisitos que se exigen para serlo como son 5 a\u00f1os dando clases o investigador&#8230; Logro que espera tener en tiempos de la 4T en Veracruz&#8230; Pero Ruiz ten\u00eda una denuncia por PRESUNTO acoso sexual y laboral en 2014&nbsp;&nbsp;y que esta registrada AP\/PGR\/FEVIMTRA\/326\/2015 ante la antigua PGR&#8230; Nadie sabe en qu\u00e9 termin\u00f3.. Seguramente las feministas ligadas a Mayra Ledezma&#8230; Lo estar\u00e1n esperando con la consigna: &#8216;un acosador, jam\u00e1s ser\u00e1 rector\u00bb. .. Viene mucho \u00ablodo\u00bb por este asunto&#8230; AMEN&#8230;<\/p>\n","protected":false},"excerpt":{"rendered":"<p>Ricardo Ch\u00faa Sale y Vale OJO&#8230; Hoy le conceden la licencia definitiva al diputado federal, Ricardo Exsome Zapata&#8230; Legislador de MORENA por el distrito IV de Veracruz puerto&#8230; \u00cbl fue uno de los diputados que se la jugaron con Mario Delgado para la dirigencia nacional&#8230; Despu\u00e9s de eso, Delgado lo hizo \u00abresponsable\u00bb de varios distritos [&hellip;]<\/p>\n","protected":false},"author":2,"featured_media":0,"comment_status":"closed","ping_status":"closed","sticky":false,"template":"","format":"standard","meta":{"_jetpack_newsletter_access":"","_jetpack_dont_email_post_to_subs":false,"_jetpack_newsletter_tier_id":0,"_jetpack_memberships_contains_paywalled_content":false,"_jetpack_memberships_contains_paid_content":false,"footnotes":""},"categories":[70],"tags":[554,12033,8426,12596,1026,3272,13604,13435],"class_list":["post-70531","post","type-post","status-publish","format-standard","hentry","category-de-opinion","tag-ine","tag-jose-roberto-ruiz-saldana","tag-josue-cervantes-martinez","tag-mario-delgado","tag-morena","tag-ople","tag-ricardo-chua","tag-ricardo-exsome-zapata"],"jetpack_featured_media_url":"","jetpack_sharing_enabled":true,"jetpack_shortlink":"https:\/\/wp.me\/p4Qcd3-ilB","_links":{"self":[{"href":"https:\/\/lospoliticosveracruz.com.mx\/index.php?rest_route=\/wp\/v2\/posts\/70531","targetHints":{"allow":["GET"]}}],"collection":[{"href":"https:\/\/lospoliticosveracruz.com.mx\/index.php?rest_route=\/wp\/v2\/posts"}],"about":[{"href":"https:\/\/lospoliticosveracruz.com.mx\/index.php?rest_route=\/wp\/v2\/types\/post"}],"author":[{"embeddable":true,"href":"https:\/\/lospoliticosveracruz.com.mx\/index.php?rest_route=\/wp\/v2\/users\/2"}],"replies":[{"embeddable":true,"href":"https:\/\/lospoliticosveracruz.com.mx\/index.php?rest_route=%2Fwp%2Fv2%2Fcomments&post=70531"}],"version-history":[{"count":7,"href":"https:\/\/lospoliticosveracruz.com.mx\/index.php?rest_route=\/wp\/v2\/posts\/70531\/revisions"}],"predecessor-version":[{"id":70542,"href":"https:\/\/lospoliticosveracruz.com.mx\/index.php?rest_route=\/wp\/v2\/posts\/70531\/revisions\/70542"}],"wp:attachment":[{"href":"https:\/\/lospoliticosveracruz.com.mx\/index.php?rest_route=%2Fwp%2Fv2%2Fmedia&parent=70531"}],"wp:term":[{"taxonomy":"category","embeddable":true,"href":"https:\/\/lospoliticosveracruz.com.mx\/index.php?rest_route=%2Fwp%2Fv2%2Fcategories&post=70531"},{"taxonomy":"post_tag","embeddable":true,"href":"https:\/\/lospoliticosveracruz.com.mx\/index.php?rest_route=%2Fwp%2Fv2%2Ftags&post=70531"}],"curies":[{"name":"wp","href":"https:\/\/api.w.org\/{rel}","templated":true}]}}