{"id":70619,"date":"2021-04-07T16:08:36","date_gmt":"2021-04-07T21:08:36","guid":{"rendered":"http:\/\/www.lospoliticosveracruz.com.mx\/?p=70619"},"modified":"2021-04-07T16:08:40","modified_gmt":"2021-04-07T21:08:40","slug":"quieren-bajar-al-mejor-posicionado","status":"publish","type":"post","link":"https:\/\/lospoliticosveracruz.com.mx\/?p=70619","title":{"rendered":"Quieren bajar al mejor posicionado!"},"content":{"rendered":"\n<p><strong>Enrique Yasser Pompeyo<\/strong><br><em>Coatepec<\/em><\/p>\n\n\n\n<p>David Gustavo Murrieta Armenta, aspirante a la candidatura por Morena a la presidencia municipal en Cosautl\u00e1n de Carvajal pidi\u00f3 que se respete el acuerdo que se hizo a nivel nacional entre los partidos de la coalici\u00f3n Juntos Haremos Historia (MORENA, PT, PVEM).<br>Detall\u00f3 que \u201cel acuerdo fue que hubiera consenso y que de los tres partidos, el candidato que estuviera mejor posicionado, el partido que tuviera mayor trabajo en el municipio, es el que debe ir como candidato\u201d. Con base en esos puntos establecidos, \u201cnos beneficia a mi persona y queremos que se respete\u201d.<br>\u201cNo por ser un municipio peque\u00f1o nos quieran tomar como moneda de cambio para poder hacer arreglos en otros lugares donde quiz\u00e1s algunas personas puedan tener otros intereses\u201d, agreg\u00f3.<br>Adem\u00e1s, fundament\u00f3 que con base en las votaciones m\u00e1s recientes, su instituto pol\u00edtico se encuentra muy por arriba de los otros dos. El Partido Verde obtuvo 32 votos; el Partido del Trabajo, 247 votos y Morena, 2,641 votos.<br>Precis\u00f3 que aunque se hab\u00eda establecido que el Partido del Trabajo siglara en Cosautl\u00e1n, \u201cno quiere decir que el candidato ten\u00eda que ser del PT, tiene que respetarse el acuerdo del candidato mejor posicionado de los tres partidos\u201d.<br>Pidi\u00f3, adem\u00e1s, que se esclarezca cu\u00e1les son los intereses a nivel estatal para no respetar el acuerdo nacional. \u201cEl comit\u00e9 municipal del PT y Morena me respaldan para que sea el candidato\u201d.<br>Asimismo, detall\u00f3 que en Cosautl\u00e1n desde hace tiempo ha regido un grupo pol\u00edtico y se van alternando el poder entre ellos, y se resisten a que haya un gobierno honesto.<br>\u201cHoy en Cosautl\u00e1n las personas conf\u00edan en que puede haber un gobierno diferente, del lado del pueblo, que sea honesto, transparente, donde los recursos realmente se ocupen como debe ser\u201d y no que se infle el precio de las obras p\u00fablicas.<br>Dej\u00f3 en claro que apoyan a su partido Morena y han luchado por los cambios en el pa\u00eds y respaldan al presidente de la Rep\u00fablica, \u201cdebemos ser congruentes y respaldar los principios de no mentir, no robar, no traicionar\u201d.<br>Por su parte, quien fuera dirigente municipal del PT en Cosautl\u00e1n, Mar\u00eda Ang\u00e9lica Valencia Arg\u00fcello, expuso que si el Partido del Trabajo insiste en imponer a su candidato, \u201cva a ser un fracaso, porque el electorado est\u00e1 con Morena; quiz\u00e1 el partido nos quiera desconocer, pero hemos sido fieles al partido y si ya hay un acuerdo nacional, por qu\u00e9 el estatal lo quiere romper\u201d.<br>Adem\u00e1s, coment\u00f3 que \u201cla gente no se va a conformar con esto, lo que pedimos es que hagan valer el acuerdo nacional y por ende la cabeza le toca a Morena\u201d.<br>Por todo lo anterior, David Gustavo Murrieta Armenta pidi\u00f3 la intervenci\u00f3n del dirigente nacional, Mario Delgado Carrillo para solucionar el asunto.<br>No obstante, tambi\u00e9n dej\u00f3 en claro que si el PT no respeta el acuerdo, plante\u00f3 que en Cosautl\u00e1n cada partido vaya solo con su candidato. El candidato que quieren imponer se trata de To\u00f1o Lucio. \u201cEst\u00e1n sometiendo la voluntad de todo un pueblo, a un acuerdo de tres o cuatro personas\u201d.<\/p>\n","protected":false},"excerpt":{"rendered":"<p>Enrique Yasser PompeyoCoatepec David Gustavo Murrieta Armenta, aspirante a la candidatura por Morena a la presidencia municipal en Cosautl\u00e1n de Carvajal pidi\u00f3 que se respete el acuerdo que se hizo a nivel nacional entre los partidos de la coalici\u00f3n Juntos Haremos Historia (MORENA, PT, PVEM).Detall\u00f3 que \u201cel acuerdo fue que hubiera consenso y que de [&hellip;]<\/p>\n","protected":false},"author":2,"featured_media":0,"comment_status":"closed","ping_status":"closed","sticky":false,"template":"","format":"standard","meta":{"_jetpack_newsletter_access":"","_jetpack_dont_email_post_to_subs":false,"_jetpack_newsletter_tier_id":0,"_jetpack_memberships_contains_paywalled_content":false,"_jetpack_memberships_contains_paid_content":false,"footnotes":""},"categories":[6446],"tags":[27228,1026,264],"class_list":["post-70619","post","type-post","status-publish","format-standard","hentry","category-la-nota","tag-david-gustavo-murrieta-armenta","tag-morena","tag-pvem"],"jetpack_featured_media_url":"","jetpack_sharing_enabled":true,"jetpack_shortlink":"https:\/\/wp.me\/p4Qcd3-in1","_links":{"self":[{"href":"https:\/\/lospoliticosveracruz.com.mx\/index.php?rest_route=\/wp\/v2\/posts\/70619","targetHints":{"allow":["GET"]}}],"collection":[{"href":"https:\/\/lospoliticosveracruz.com.mx\/index.php?rest_route=\/wp\/v2\/posts"}],"about":[{"href":"https:\/\/lospoliticosveracruz.com.mx\/index.php?rest_route=\/wp\/v2\/types\/post"}],"author":[{"embeddable":true,"href":"https:\/\/lospoliticosveracruz.com.mx\/index.php?rest_route=\/wp\/v2\/users\/2"}],"replies":[{"embeddable":true,"href":"https:\/\/lospoliticosveracruz.com.mx\/index.php?rest_route=%2Fwp%2Fv2%2Fcomments&post=70619"}],"version-history":[{"count":1,"href":"https:\/\/lospoliticosveracruz.com.mx\/index.php?rest_route=\/wp\/v2\/posts\/70619\/revisions"}],"predecessor-version":[{"id":70621,"href":"https:\/\/lospoliticosveracruz.com.mx\/index.php?rest_route=\/wp\/v2\/posts\/70619\/revisions\/70621"}],"wp:attachment":[{"href":"https:\/\/lospoliticosveracruz.com.mx\/index.php?rest_route=%2Fwp%2Fv2%2Fmedia&parent=70619"}],"wp:term":[{"taxonomy":"category","embeddable":true,"href":"https:\/\/lospoliticosveracruz.com.mx\/index.php?rest_route=%2Fwp%2Fv2%2Fcategories&post=70619"},{"taxonomy":"post_tag","embeddable":true,"href":"https:\/\/lospoliticosveracruz.com.mx\/index.php?rest_route=%2Fwp%2Fv2%2Ftags&post=70619"}],"curies":[{"name":"wp","href":"https:\/\/api.w.org\/{rel}","templated":true}]}}