{"id":70696,"date":"2021-04-08T16:20:51","date_gmt":"2021-04-08T21:20:51","guid":{"rendered":"http:\/\/www.lospoliticosveracruz.com.mx\/?p=70696"},"modified":"2021-04-08T16:20:54","modified_gmt":"2021-04-08T21:20:54","slug":"nemi-inocente","status":"publish","type":"post","link":"https:\/\/lospoliticosveracruz.com.mx\/?p=70696","title":{"rendered":"Nemi, inocente!"},"content":{"rendered":"\n<p><strong>Xalapa<\/strong><br>El ex Secretario de Salud Juan Antonio Nemi Dib, dio a conocer su inocencia en los delitos de de abuso de autoridad e incumplimiento de un deber legal y se calific\u00f3 como preso politico.<br><\/p>\n\n\n\n<div class=\"wp-block-image\"><figure class=\"alignleft size-large\"><a href=\"http:\/\/www.lospoliticosveracruz.com.mx\/wp-content\/uploads\/2021\/04\/Cordoba-403-anos-06.png\"><img decoding=\"async\" src=\"http:\/\/www.lospoliticosveracruz.com.mx\/wp-content\/uploads\/2021\/04\/Cordoba-403-anos-06.png\" alt=\"\" class=\"wp-image-70677\"\/><\/a><\/figure><\/div>\n\n\n\n<p>Lo anterior luego de la ratificaci\u00f3n de los magistrados del \u00abno ejercicio de la acci\u00f3n penal por probada inocencia y fabricaci\u00f3n de pruebas en su agravio\u00bb.<br>De manera un\u00e1nime determinaron cada una de las irregularidades del proceso y los tres determinaron que el juez local ten\u00eda raz\u00f3n .<br>Por lo tanto, no hab\u00eda delito que perseguir.<br>El exservidor p\u00fablico refiri\u00f3 todo lo que le sucedi\u00f3 desde el momento de su detenci\u00f3n el 23 de diciembre de 2017 y hasta la fecha, tiempo en el que fue torturado y obligado a firmar documentos por el director de Operaciones de la Polic\u00eda Estatal, en donde supuestamente autoriz\u00f3 un contrato para la construcci\u00f3n de la Torre Pedi\u00e1trica.<br>Expuso, junto con su abogado, Jos\u00e9 Luis Figueiras Hern\u00e1ndez, que el supuesto contrato se emiti\u00f3 el 28 de febrero de 2013 cuando todav\u00eda no era secretario de Salud, ya que tom\u00f3 posesi\u00f3n el 7 de marzo del mismo a\u00f1o.<br>Nemi Dib defini\u00f3 que si bien no cobrar\u00e1 venganza porque no pod\u00eda llenar de odio su coraz\u00f3n, lo \u00fanico que quiere es estar en paz tras cinco a\u00f1os de seguir un proceso.<br>Quedar\u00e1 para siempre la deshonra, la duda en muchas personas, pero lo cierto es que soy inocente, aqu\u00ed est\u00e1n las pruebas y fui un preso pol\u00edtico\u00bb, reafirm\u00f3.<\/p>\n","protected":false},"excerpt":{"rendered":"<p>XalapaEl ex Secretario de Salud Juan Antonio Nemi Dib, dio a conocer su inocencia en los delitos de de abuso de autoridad e incumplimiento de un deber legal y se calific\u00f3 como preso politico. Lo anterior luego de la ratificaci\u00f3n de los magistrados del \u00abno ejercicio de la acci\u00f3n penal por probada inocencia y fabricaci\u00f3n [&hellip;]<\/p>\n","protected":false},"author":2,"featured_media":0,"comment_status":"closed","ping_status":"closed","sticky":false,"template":"","format":"standard","meta":{"_jetpack_newsletter_access":"","_jetpack_dont_email_post_to_subs":false,"_jetpack_newsletter_tier_id":0,"_jetpack_memberships_contains_paywalled_content":false,"_jetpack_memberships_contains_paid_content":false,"footnotes":""},"categories":[6446],"tags":[27256,996,27257],"class_list":["post-70696","post","type-post","status-publish","format-standard","hentry","category-la-nota","tag-ex-secretario-de-salud","tag-juan-antonio-nemi-dib","tag-preso-politico-2"],"jetpack_featured_media_url":"","jetpack_sharing_enabled":true,"jetpack_shortlink":"https:\/\/wp.me\/p4Qcd3-iog","_links":{"self":[{"href":"https:\/\/lospoliticosveracruz.com.mx\/index.php?rest_route=\/wp\/v2\/posts\/70696","targetHints":{"allow":["GET"]}}],"collection":[{"href":"https:\/\/lospoliticosveracruz.com.mx\/index.php?rest_route=\/wp\/v2\/posts"}],"about":[{"href":"https:\/\/lospoliticosveracruz.com.mx\/index.php?rest_route=\/wp\/v2\/types\/post"}],"author":[{"embeddable":true,"href":"https:\/\/lospoliticosveracruz.com.mx\/index.php?rest_route=\/wp\/v2\/users\/2"}],"replies":[{"embeddable":true,"href":"https:\/\/lospoliticosveracruz.com.mx\/index.php?rest_route=%2Fwp%2Fv2%2Fcomments&post=70696"}],"version-history":[{"count":1,"href":"https:\/\/lospoliticosveracruz.com.mx\/index.php?rest_route=\/wp\/v2\/posts\/70696\/revisions"}],"predecessor-version":[{"id":70698,"href":"https:\/\/lospoliticosveracruz.com.mx\/index.php?rest_route=\/wp\/v2\/posts\/70696\/revisions\/70698"}],"wp:attachment":[{"href":"https:\/\/lospoliticosveracruz.com.mx\/index.php?rest_route=%2Fwp%2Fv2%2Fmedia&parent=70696"}],"wp:term":[{"taxonomy":"category","embeddable":true,"href":"https:\/\/lospoliticosveracruz.com.mx\/index.php?rest_route=%2Fwp%2Fv2%2Fcategories&post=70696"},{"taxonomy":"post_tag","embeddable":true,"href":"https:\/\/lospoliticosveracruz.com.mx\/index.php?rest_route=%2Fwp%2Fv2%2Ftags&post=70696"}],"curies":[{"name":"wp","href":"https:\/\/api.w.org\/{rel}","templated":true}]}}