{"id":70736,"date":"2021-04-09T10:07:40","date_gmt":"2021-04-09T15:07:40","guid":{"rendered":"http:\/\/www.lospoliticosveracruz.com.mx\/?p=70736"},"modified":"2021-04-09T10:07:43","modified_gmt":"2021-04-09T15:07:43","slug":"reactivan-denuncia-de-duarte-en-mi-contra-mayl","status":"publish","type":"post","link":"https:\/\/lospoliticosveracruz.com.mx\/?p=70736","title":{"rendered":"Reactivan denuncia \u00a1de Duarte! en mi contra: MAYL"},"content":{"rendered":"\n<p><strong>Miguel Angel Yunes Linares<\/strong><\/p>\n\n\n\n<p>El peri\u00f3dico \u201cLa Jornada\u201d (diario oficial del r\u00e9gimen) publica hoy que \u201creactiva SEIDO pesquisas\u201d en mi contra.<br>La misma nota dice que se trata de denuncias presentadas desde hace \u00a18 a\u00f1os! por Javier Duarte y su c\u00f3mplice Manuel Espino, as\u00ed como un dirigente magisterial, para tratar de impedir mi elecci\u00f3n como Gobernador del Estado de Veracruz.<br>Dichas denuncias fueron investigadas y todas concluyeron con un no ejercicio de la acci\u00f3n penal (tengo copia de los mismos) por contener hechos falsos y acusaciones fantasiosas.<br>No es extra\u00f1o que las mismas se \u201creactiven\u201d en plena etapa electoral y que se presenten nuevas denuncias; es el uso pol\u00edtico de los instrumentos de justicia, pero hay que entenderlos, \u201cson tiempos de zopilotes\u201d dijo el Presidente.<br>Como siempre lo he hecho me pondr\u00e9 a disposici\u00f3n de la Fiscal\u00eda General de la Rep\u00fablica para aportar toda la informaci\u00f3n que requieran.<br>Por cierto, hablando de \u201cLa Jornada\u201d; ser\u00eda muy importante que se investigue la licitud de los \u00a1400 millones de pesos! provenientes de recursos p\u00fablicos que ha recibido desde que inici\u00f3 la presente administraci\u00f3n.<br>Igualmente que se publique el avance que lleva la investigaci\u00f3n sobre los casos de manejo de recursos en efectivo de procedencia il\u00edcita para financiar actividades pol\u00edticas, el evidente enriquecimiento il\u00edcito de funcionarios, la muy reciente exhibici\u00f3n de riqueza y derroche en centros tur\u00edsticos y la vinculaci\u00f3n de muy cercanos al r\u00e9gimen con la trata de personas.<br>Supongo que la Ley es para todos \u00bfo solo para los que consideran adversarios?<br>Nunca me he doblado frente al poder, tampoco lo har\u00e9 hoy.<br>No participo en tareas pol\u00edticas, pero s\u00ed en el compromiso de defender mi honor y el de mi familia frente a lo que evidentemente es un asunto con una motivaci\u00f3n electoral.<br>Aqu\u00ed estoy a la orden.<\/p>\n","protected":false},"excerpt":{"rendered":"<p>Miguel Angel Yunes Linares El peri\u00f3dico \u201cLa Jornada\u201d (diario oficial del r\u00e9gimen) publica hoy que \u201creactiva SEIDO pesquisas\u201d en mi contra.La misma nota dice que se trata de denuncias presentadas desde hace \u00a18 a\u00f1os! por Javier Duarte y su c\u00f3mplice Manuel Espino, as\u00ed como un dirigente magisterial, para tratar de impedir mi elecci\u00f3n como Gobernador [&hellip;]<\/p>\n","protected":false},"author":2,"featured_media":0,"comment_status":"closed","ping_status":"closed","sticky":false,"template":"","format":"standard","meta":{"_jetpack_newsletter_access":"","_jetpack_dont_email_post_to_subs":false,"_jetpack_newsletter_tier_id":0,"_jetpack_memberships_contains_paywalled_content":false,"_jetpack_memberships_contains_paid_content":false,"footnotes":""},"categories":[6446],"tags":[260,2575,26182,428,27267,27266],"class_list":["post-70736","post","type-post","status-publish","format-standard","hentry","category-la-nota","tag-javier-duarte-de-ochoa","tag-la-jornada","tag-mayl","tag-miguel-angel-yunes-linares","tag-pesquisas","tag-siedo"],"jetpack_featured_media_url":"","jetpack_sharing_enabled":true,"jetpack_shortlink":"https:\/\/wp.me\/p4Qcd3-ioU","_links":{"self":[{"href":"https:\/\/lospoliticosveracruz.com.mx\/index.php?rest_route=\/wp\/v2\/posts\/70736","targetHints":{"allow":["GET"]}}],"collection":[{"href":"https:\/\/lospoliticosveracruz.com.mx\/index.php?rest_route=\/wp\/v2\/posts"}],"about":[{"href":"https:\/\/lospoliticosveracruz.com.mx\/index.php?rest_route=\/wp\/v2\/types\/post"}],"author":[{"embeddable":true,"href":"https:\/\/lospoliticosveracruz.com.mx\/index.php?rest_route=\/wp\/v2\/users\/2"}],"replies":[{"embeddable":true,"href":"https:\/\/lospoliticosveracruz.com.mx\/index.php?rest_route=%2Fwp%2Fv2%2Fcomments&post=70736"}],"version-history":[{"count":1,"href":"https:\/\/lospoliticosveracruz.com.mx\/index.php?rest_route=\/wp\/v2\/posts\/70736\/revisions"}],"predecessor-version":[{"id":70737,"href":"https:\/\/lospoliticosveracruz.com.mx\/index.php?rest_route=\/wp\/v2\/posts\/70736\/revisions\/70737"}],"wp:attachment":[{"href":"https:\/\/lospoliticosveracruz.com.mx\/index.php?rest_route=%2Fwp%2Fv2%2Fmedia&parent=70736"}],"wp:term":[{"taxonomy":"category","embeddable":true,"href":"https:\/\/lospoliticosveracruz.com.mx\/index.php?rest_route=%2Fwp%2Fv2%2Fcategories&post=70736"},{"taxonomy":"post_tag","embeddable":true,"href":"https:\/\/lospoliticosveracruz.com.mx\/index.php?rest_route=%2Fwp%2Fv2%2Ftags&post=70736"}],"curies":[{"name":"wp","href":"https:\/\/api.w.org\/{rel}","templated":true}]}}