{"id":70757,"date":"2021-04-09T14:42:47","date_gmt":"2021-04-09T19:42:47","guid":{"rendered":"http:\/\/www.lospoliticosveracruz.com.mx\/?p=70757"},"modified":"2021-04-09T14:45:31","modified_gmt":"2021-04-09T19:45:31","slug":"encanonado-le-piden-que-se-baje-de-la-contienda","status":"publish","type":"post","link":"https:\/\/lospoliticosveracruz.com.mx\/?p=70757","title":{"rendered":"Enca\u00f1onado, le piden que se baje de la contienda"},"content":{"rendered":"\n<p><strong>Xalapa<br><\/strong>El aspirante a la alcald\u00eda de Emiliano Zapata por MORENA, Daniel Orozco Cervantes, denunci\u00f3 que el pasado jueves por la tarde fue privado de la libertad por sujetos encapuchados para luego ser enca\u00f1onado con un arma larga y amenazado, por lo que solicit\u00f3 seguridad para \u00e8l y su familia.<br><\/p>\n\n\n\n<div class=\"wp-block-image\"><figure class=\"alignleft size-large is-resized\"><a href=\"http:\/\/www.lospoliticosveracruz.com.mx\/wp-content\/uploads\/2021\/04\/Cordoba-403-anos-08.png\"><img loading=\"lazy\" decoding=\"async\" src=\"http:\/\/www.lospoliticosveracruz.com.mx\/wp-content\/uploads\/2021\/04\/Cordoba-403-anos-08.png\" alt=\"\" class=\"wp-image-70678\" width=\"300\" height=\"501\"\/><\/a><\/figure><\/div>\n\n\n\n<p>El prop\u00f3sito era desistiera de su aspiraci\u00f3n pol\u00edtica, esto en un tramo carretero en la localidad La Estanzuela cercano a la carretera El Chico-Chavarrillo a 20 minutos de Xalapa.<br>\u00abFue el d\u00eda de ayer alrededor de las 2 de la tarde cuando me citaron para unos trabajos. Con enga\u00f1os me llevaron a una obra, soy contratista, ah\u00ed fue donde nos amagaron. Nos despojaron de todas nuestras pertenencias, celulares, efectivo, camioneta. Nos llevaron detr\u00e1s de la iglesia de La Estanzuela\u00bb.<br>Luego de denunciar en Xalapa formalmente dichas agresiones dijo que pareci\u00f3 un secuestro, pero en realidad fue un supuesto mensaje para que desistiera de la contienda electoral:<br>\u00abEran tres personas con armas largas, armas blancas punzo cortantes. Todos ven\u00edan encapuchados. Me pusieron una metralleta en mi cabeza y me golpearon para que desistiera yo de mis aspiraciones pol\u00edticas\u00bb expuso.<br>Narr\u00f3 que escap\u00f3 de sus supuestos captores rodando por la parte trasera de su camioneta, que sigue con reporte de robo.<br>Orozco Cervantes dijo que no sospecha de alg\u00fan otro aspirante a la alcald\u00eda de Emiliano Zapata y se\u00f1al\u00f3 que previamente recibi\u00f3 amenazas v\u00eda Facebook.<\/p>\n","protected":false},"excerpt":{"rendered":"<p>XalapaEl aspirante a la alcald\u00eda de Emiliano Zapata por MORENA, Daniel Orozco Cervantes, denunci\u00f3 que el pasado jueves por la tarde fue privado de la libertad por sujetos encapuchados para luego ser enca\u00f1onado con un arma larga y amenazado, por lo que solicit\u00f3 seguridad para \u00e8l y su familia. El prop\u00f3sito era desistiera de su [&hellip;]<\/p>\n","protected":false},"author":2,"featured_media":0,"comment_status":"closed","ping_status":"closed","sticky":false,"template":"","format":"standard","meta":{"_jetpack_newsletter_access":"","_jetpack_dont_email_post_to_subs":false,"_jetpack_newsletter_tier_id":0,"_jetpack_memberships_contains_paywalled_content":false,"_jetpack_memberships_contains_paid_content":false,"footnotes":""},"categories":[6446],"tags":[27274,469,27275,1026,27276],"class_list":["post-70757","post","type-post","status-publish","format-standard","hentry","category-la-nota","tag-daniel-orozco-cervantes","tag-emiliano-zapata","tag-la-estanzuela","tag-morena","tag-privacion-de-la-libertad"],"jetpack_featured_media_url":"","jetpack_sharing_enabled":true,"jetpack_shortlink":"https:\/\/wp.me\/p4Qcd3-ipf","_links":{"self":[{"href":"https:\/\/lospoliticosveracruz.com.mx\/index.php?rest_route=\/wp\/v2\/posts\/70757","targetHints":{"allow":["GET"]}}],"collection":[{"href":"https:\/\/lospoliticosveracruz.com.mx\/index.php?rest_route=\/wp\/v2\/posts"}],"about":[{"href":"https:\/\/lospoliticosveracruz.com.mx\/index.php?rest_route=\/wp\/v2\/types\/post"}],"author":[{"embeddable":true,"href":"https:\/\/lospoliticosveracruz.com.mx\/index.php?rest_route=\/wp\/v2\/users\/2"}],"replies":[{"embeddable":true,"href":"https:\/\/lospoliticosveracruz.com.mx\/index.php?rest_route=%2Fwp%2Fv2%2Fcomments&post=70757"}],"version-history":[{"count":2,"href":"https:\/\/lospoliticosveracruz.com.mx\/index.php?rest_route=\/wp\/v2\/posts\/70757\/revisions"}],"predecessor-version":[{"id":70760,"href":"https:\/\/lospoliticosveracruz.com.mx\/index.php?rest_route=\/wp\/v2\/posts\/70757\/revisions\/70760"}],"wp:attachment":[{"href":"https:\/\/lospoliticosveracruz.com.mx\/index.php?rest_route=%2Fwp%2Fv2%2Fmedia&parent=70757"}],"wp:term":[{"taxonomy":"category","embeddable":true,"href":"https:\/\/lospoliticosveracruz.com.mx\/index.php?rest_route=%2Fwp%2Fv2%2Fcategories&post=70757"},{"taxonomy":"post_tag","embeddable":true,"href":"https:\/\/lospoliticosveracruz.com.mx\/index.php?rest_route=%2Fwp%2Fv2%2Ftags&post=70757"}],"curies":[{"name":"wp","href":"https:\/\/api.w.org\/{rel}","templated":true}]}}