{"id":70967,"date":"2021-04-14T08:42:15","date_gmt":"2021-04-14T13:42:15","guid":{"rendered":"http:\/\/www.lospoliticosveracruz.com.mx\/?p=70967"},"modified":"2021-04-14T08:42:19","modified_gmt":"2021-04-14T13:42:19","slug":"ivd-vistima-de-hackeo","status":"publish","type":"post","link":"https:\/\/lospoliticosveracruz.com.mx\/?p=70967","title":{"rendered":"IVD, \u201cv\u00edstima\u201d de hackeo!"},"content":{"rendered":"\n<p><strong>Xalapa<\/strong><br>El Secretario de Educaci\u00f3n Roberto Zenyazen Escobar Garc\u00eda, inform\u00f3 que el sitio web del del Instituto Veracruzano del Deporte (IVD), fue objeto de un ataque cibern\u00e9tico y por ello la informaci\u00f3n falsa de que atletas veracruzanos no acudir\u00edan a los juegos nacionales Conade 21 en Nuevo Le\u00f3n.<br><\/p>\n\n\n\n<div class=\"wp-block-image\"><figure class=\"alignleft size-large is-resized\"><a href=\"http:\/\/www.lospoliticosveracruz.com.mx\/wp-content\/uploads\/2021\/04\/Cordoba-403-anos-06.png\"><img loading=\"lazy\" decoding=\"async\" src=\"http:\/\/www.lospoliticosveracruz.com.mx\/wp-content\/uploads\/2021\/04\/Cordoba-403-anos-06.png\" alt=\"\" class=\"wp-image-70677\" width=\"248\" height=\"248\"\/><\/a><\/figure><\/div>\n\n\n\n<p>\u00abSe trat\u00f3 de un hackeo en la p\u00e1gina, pero ya estamos trabajando en conjunto para revisar que se vayan los atletas\u00bb.<br>En entrevista telef\u00f3nica, el Secretario de Educaci\u00f3n dijo que es un orgullo el contar con atletas representando a Veracruz.<br>\u00abNosotros siempre hemos brindado todas las facilidades y en ese mismo sentido es tambi\u00e9n el apoyo para los j\u00f3venes deportistas\u00bb.<br>Este lunes, en un comunicado el IVD inform\u00f3 que para salvaguardar la salud de los atletas por la pandemia del coronavirus, Veracruz no acudir\u00eda a los juegos de la Conade a realizarse en Nuevo Le\u00f3n en los meses de junio y julio.<\/p>\n","protected":false},"excerpt":{"rendered":"<p>XalapaEl Secretario de Educaci\u00f3n Roberto Zenyazen Escobar Garc\u00eda, inform\u00f3 que el sitio web del del Instituto Veracruzano del Deporte (IVD), fue objeto de un ataque cibern\u00e9tico y por ello la informaci\u00f3n falsa de que atletas veracruzanos no acudir\u00edan a los juegos nacionales Conade 21 en Nuevo Le\u00f3n. \u00abSe trat\u00f3 de un hackeo en la p\u00e1gina, [&hellip;]<\/p>\n","protected":false},"author":2,"featured_media":0,"comment_status":"closed","ping_status":"closed","sticky":false,"template":"","format":"standard","meta":{"_jetpack_newsletter_access":"","_jetpack_dont_email_post_to_subs":false,"_jetpack_newsletter_tier_id":0,"_jetpack_memberships_contains_paywalled_content":false,"_jetpack_memberships_contains_paid_content":false,"footnotes":""},"categories":[6446],"tags":[27359,24788,27360,6358,20195],"class_list":["post-70967","post","type-post","status-publish","format-standard","hentry","category-la-nota","tag-conade-21","tag-deportistas","tag-hackeo","tag-instituto-veracruzano-del-deporte","tag-roberto-zenyazen-escobar-garcia"],"jetpack_featured_media_url":"","jetpack_sharing_enabled":true,"jetpack_shortlink":"https:\/\/wp.me\/p4Qcd3-isD","_links":{"self":[{"href":"https:\/\/lospoliticosveracruz.com.mx\/index.php?rest_route=\/wp\/v2\/posts\/70967","targetHints":{"allow":["GET"]}}],"collection":[{"href":"https:\/\/lospoliticosveracruz.com.mx\/index.php?rest_route=\/wp\/v2\/posts"}],"about":[{"href":"https:\/\/lospoliticosveracruz.com.mx\/index.php?rest_route=\/wp\/v2\/types\/post"}],"author":[{"embeddable":true,"href":"https:\/\/lospoliticosveracruz.com.mx\/index.php?rest_route=\/wp\/v2\/users\/2"}],"replies":[{"embeddable":true,"href":"https:\/\/lospoliticosveracruz.com.mx\/index.php?rest_route=%2Fwp%2Fv2%2Fcomments&post=70967"}],"version-history":[{"count":1,"href":"https:\/\/lospoliticosveracruz.com.mx\/index.php?rest_route=\/wp\/v2\/posts\/70967\/revisions"}],"predecessor-version":[{"id":70969,"href":"https:\/\/lospoliticosveracruz.com.mx\/index.php?rest_route=\/wp\/v2\/posts\/70967\/revisions\/70969"}],"wp:attachment":[{"href":"https:\/\/lospoliticosveracruz.com.mx\/index.php?rest_route=%2Fwp%2Fv2%2Fmedia&parent=70967"}],"wp:term":[{"taxonomy":"category","embeddable":true,"href":"https:\/\/lospoliticosveracruz.com.mx\/index.php?rest_route=%2Fwp%2Fv2%2Fcategories&post=70967"},{"taxonomy":"post_tag","embeddable":true,"href":"https:\/\/lospoliticosveracruz.com.mx\/index.php?rest_route=%2Fwp%2Fv2%2Ftags&post=70967"}],"curies":[{"name":"wp","href":"https:\/\/api.w.org\/{rel}","templated":true}]}}