{"id":71122,"date":"2021-04-17T15:55:15","date_gmt":"2021-04-17T20:55:15","guid":{"rendered":"http:\/\/www.lospoliticosveracruz.com.mx\/?p=71122"},"modified":"2021-04-20T18:42:52","modified_gmt":"2021-04-20T23:42:52","slug":"llegan-los-refuerzos","status":"publish","type":"post","link":"https:\/\/lospoliticosveracruz.com.mx\/?p=71122","title":{"rendered":"Llegan los refuerzos"},"content":{"rendered":"\n<p><strong>Orizaba<\/strong><br>El diputado federal del Partido Revolucionario Institucional, Pablo Guillermo Angulo Brice\u00f1o, y el presidente del CDE del partido en la entidad, Marlon Ram\u00edrez Mar\u00edn, iniciaron gira de trabajo por el estado de Veracruz, para acompa\u00f1ar a las candidatas y candidatos a las diputaciones federales de la alianza Va Por M\u00e9xico.<\/p>\n\n\n\n<div class=\"wp-block-image\"><figure class=\"alignleft size-large is-resized\"><a href=\"http:\/\/www.lospoliticosveracruz.com.mx\/wp-content\/uploads\/2021\/04\/Cordoba-403-anos-01.png\"><img loading=\"lazy\" decoding=\"async\" src=\"http:\/\/www.lospoliticosveracruz.com.mx\/wp-content\/uploads\/2021\/04\/Cordoba-403-anos-01.png\" alt=\"\" class=\"wp-image-70673\" width=\"300\" height=\"250\"\/><\/a><\/figure><\/div>\n\n\n\n<p><br>Se sumaron a la agenda de actividades de Igor Roji L\u00f3pez, candidato a la diputaci\u00f3n federal, en el distrito 15 Orizaba, en un recorrido por la Unidad Pluviosilla en esta ciudad, acompa\u00f1ados de militantes y simpatizantes, para dialogar con habitantes de la zona y darles a conocer las propuestas de campa\u00f1a.<br>En la gira de trabajo, que este s\u00e1bado abarca los distritos 15 Orizaba y 16 C\u00f3rdoba, participan tambi\u00e9n, Jorge Meade Ocaranza, el delegado del CEN del PRI en Veracruz; Corintia Cruz Oreg\u00f3n, coordinadora estatal de activismo pol\u00edtico; Mauricio Carlin Castillo, secretario de Operaci\u00f3n Pol\u00edtica del CDE, as\u00ed como Karina Sol\u00eds, presidenta del Comit\u00e9 Municipal del PRI en Orizaba.<br>Pablo Angulo Brice\u00f1o, es egresado de la Escuela Nacional de Cuadros del PRI; fue presidente del Frente Juvenil Revolucionario del PRI en Champot\u00f3n, Campeche en 2001-2015; dirigente estatal de la CNC en Campeche, 2015-2016; presidente del Comit\u00e9 Ejecutivo Nacional de la Red de J\u00f3venes por M\u00e9xico del PRI, 2016; y fue diputado local en la LXII Legislatura del Congreso de Campeche.<br>Actualmente, es secretario t\u00e9cnico del Consejo Pol\u00edtico Nacional del PRI, y diputado federal por la LXIV Legislatura, en donde es secretario de la Comisi\u00f3n de Comunicaciones y transportes, e integrante de la comisi\u00f3n de Infraestructura, y de la comisi\u00f3n de Radio y Televisi\u00f3n.<\/p>\n","protected":false},"excerpt":{"rendered":"<p>OrizabaEl diputado federal del Partido Revolucionario Institucional, Pablo Guillermo Angulo Brice\u00f1o, y el presidente del CDE del partido en la entidad, Marlon Ram\u00edrez Mar\u00edn, iniciaron gira de trabajo por el estado de Veracruz, para acompa\u00f1ar a las candidatas y candidatos a las diputaciones federales de la alianza Va Por M\u00e9xico. Se sumaron a la agenda [&hellip;]<\/p>\n","protected":false},"author":2,"featured_media":0,"comment_status":"closed","ping_status":"closed","sticky":false,"template":"","format":"standard","meta":{"_jetpack_newsletter_access":"","_jetpack_dont_email_post_to_subs":false,"_jetpack_newsletter_tier_id":0,"_jetpack_memberships_contains_paywalled_content":false,"_jetpack_memberships_contains_paid_content":false,"footnotes":""},"categories":[73],"tags":[19315,582,27416,27312,27417,2908,27418,1639,27415,251,195],"class_list":["post-71122","post","type-post","status-publish","format-standard","hentry","category-de-boleto","tag-cde","tag-corintia-cruz-oregon","tag-igor-roji-lopez-2","tag-jorge-meade-ocaranza-2","tag-karina-solis","tag-marlon-ramirez-marin","tag-mauricio-carlin-castillo-2","tag-orizaba","tag-pablo-guillermo-angulo-briceno","tag-pri","tag-veracruz"],"jetpack_featured_media_url":"","jetpack_sharing_enabled":true,"jetpack_shortlink":"https:\/\/wp.me\/p4Qcd3-iv8","_links":{"self":[{"href":"https:\/\/lospoliticosveracruz.com.mx\/index.php?rest_route=\/wp\/v2\/posts\/71122","targetHints":{"allow":["GET"]}}],"collection":[{"href":"https:\/\/lospoliticosveracruz.com.mx\/index.php?rest_route=\/wp\/v2\/posts"}],"about":[{"href":"https:\/\/lospoliticosveracruz.com.mx\/index.php?rest_route=\/wp\/v2\/types\/post"}],"author":[{"embeddable":true,"href":"https:\/\/lospoliticosveracruz.com.mx\/index.php?rest_route=\/wp\/v2\/users\/2"}],"replies":[{"embeddable":true,"href":"https:\/\/lospoliticosveracruz.com.mx\/index.php?rest_route=%2Fwp%2Fv2%2Fcomments&post=71122"}],"version-history":[{"count":2,"href":"https:\/\/lospoliticosveracruz.com.mx\/index.php?rest_route=\/wp\/v2\/posts\/71122\/revisions"}],"predecessor-version":[{"id":71300,"href":"https:\/\/lospoliticosveracruz.com.mx\/index.php?rest_route=\/wp\/v2\/posts\/71122\/revisions\/71300"}],"wp:attachment":[{"href":"https:\/\/lospoliticosveracruz.com.mx\/index.php?rest_route=%2Fwp%2Fv2%2Fmedia&parent=71122"}],"wp:term":[{"taxonomy":"category","embeddable":true,"href":"https:\/\/lospoliticosveracruz.com.mx\/index.php?rest_route=%2Fwp%2Fv2%2Fcategories&post=71122"},{"taxonomy":"post_tag","embeddable":true,"href":"https:\/\/lospoliticosveracruz.com.mx\/index.php?rest_route=%2Fwp%2Fv2%2Ftags&post=71122"}],"curies":[{"name":"wp","href":"https:\/\/api.w.org\/{rel}","templated":true}]}}