{"id":71465,"date":"2021-04-23T16:20:14","date_gmt":"2021-04-23T21:20:14","guid":{"rendered":"http:\/\/www.lospoliticosveracruz.com.mx\/?p=71465"},"modified":"2021-04-23T16:20:17","modified_gmt":"2021-04-23T21:20:17","slug":"no-nos-van-a-quitar-el-habito-de-ganar-pri","status":"publish","type":"post","link":"https:\/\/lospoliticosveracruz.com.mx\/?p=71465","title":{"rendered":"No nos van a quitar el h\u00e1bito de ganar: PRI"},"content":{"rendered":"\n<p><strong>Xalapa<\/strong><br>En el peor momento y complicaci\u00f3n que hay en este estado y en el pa\u00eds, seguimos apostando, la gente le apuesta al PRI, sabemos levantarnos, no nos van a quitar el h\u00e1bito de ganar, expres\u00f3 el presidente del CDE del PRI en Veracruz, Marlon Ram\u00edrez Mar\u00edn, durante la capacitaci\u00f3n presencial y virtual, y entrega de nombramientos a la estructura de activismo pol\u00edtico del PRI en la entidad.<br><\/p>\n\n\n\n<div class=\"wp-block-image\"><figure class=\"alignleft size-large\"><a href=\"http:\/\/www.lospoliticosveracruz.com.mx\/wp-content\/uploads\/2021\/04\/Celebremos-Cordoba-B.png\"><img decoding=\"async\" src=\"http:\/\/www.lospoliticosveracruz.com.mx\/wp-content\/uploads\/2021\/04\/Celebremos-Cordoba-B.png\" alt=\"\" class=\"wp-image-71293\"\/><\/a><\/figure><\/div>\n\n\n\n<p>Acompa\u00f1ado de Arianna \u00c1ngeles Aguirre, secretaria general del CDE, destac\u00f3 que, a unos d\u00edas de la batalla m\u00e1s importante en este pa\u00eds, se siente agradecido y reconocido, por el acompa\u00f1amiento y las visitas de representantes del Comit\u00e9 Ejecutivo Nacional al estado.<br>\u201cQue una cartera tan importante, como la representada por Ricardo Aguilar Castillo, secretario de Organizaci\u00f3n del CEN, venga a verificar de manera personal a nuestra gente que habr\u00e1 de hacer la activaci\u00f3n en las casas, barrios, colonias, en las rancher\u00edas, representa para nosotros un compromiso mayor. Bienvenido, que bueno Ricardo que est\u00e9s aqu\u00ed, y verifiques que la estructura que se est\u00e1 conformando en el estado es de carne y hueso\u201d, dijo.<br>Asimismo, luego de recordar los avances que los j\u00f3venes de hace dos d\u00e9cadas realizaron para mejorar las condiciones de vida de la sociedad, se\u00f1al\u00f3 que a los j\u00f3venes de hoy les corresponde ayudar para que la agenda 2030, para que los problemas de calentamiento global, medio ambientales, del cuidado del agua, y otros, puedan ser los temas prioridad y no nos regresemos a hablar de derechos humanos, salud o seguridad, porque ya estaban atendidos.<br>En su intervenci\u00f3n, Corintia Cruz Oreg\u00f3n, coordinadora estatal de Activismo Pol\u00edtico, agradeci\u00f3 a activistas y coordinadores por su tiempo, su paciencia, y por el trabajo que realizan, en estos tiempos complicados debido a la pandemia, y por sacrificar el tiempo de familia. \u201cUstedes son el gran ej\u00e9rcito, que, junto con el ej\u00e9rcito electoral, sacar\u00e1n adelante la elecci\u00f3n, y a su vez a M\u00e9xico, de la situaci\u00f3n tr\u00e1gica que estamos viviendo.\u201d<br>Por su parte, la diputada local, Erika Ayala R\u00edos, reconoci\u00f3 que el activismo es parte fundamental, pues los candidatos no pueden estar en todos los rincones del estado. \u201cUstedes son la estructura que llevar\u00e1 el mensaje a cada uno de los sectores de Veracruz. Hoy, hay candidatos extraordinarios, hombres que han demostrado en la pr\u00e1ctica que son los mejores no solo para ganar una elecci\u00f3n, sino para gobernar un municipio y para representarnos en el Congreso de la Uni\u00f3n, gente preparada y con los conocimientos necesarios.\u201d<br>Adem\u00e1s de la capacitaci\u00f3n a integrantes de la estructura de activismo en el estado, a cargo de Ricardo Aguilar Castillo, secretario de Organizaci\u00f3n del CEN, se entregaron nombramientos a coordinadores municipales, distritales y de zona, en evento realizado en el auditorio Jes\u00fas Reyes Heroles en las instalaciones del CDE del PRI estatal.<br>Estuvieron presentes tambi\u00e9n, An\u00edbal Gonz\u00e1lez Pedraza, subsecretario de Activismo del CEN del PRI; Mauricio Carlin Castillo, secretario de Operaci\u00f3n Pol\u00edtica del CDE; Jorge Moreno Salinas, diputado local; integrantes del CDE, dirigentes de comit\u00e9s municipales del PRI, dirigentes y representantes de sectores y organizaciones, militantes y simpatizantes.<\/p>\n","protected":false},"excerpt":{"rendered":"<p>XalapaEn el peor momento y complicaci\u00f3n que hay en este estado y en el pa\u00eds, seguimos apostando, la gente le apuesta al PRI, sabemos levantarnos, no nos van a quitar el h\u00e1bito de ganar, expres\u00f3 el presidente del CDE del PRI en Veracruz, Marlon Ram\u00edrez Mar\u00edn, durante la capacitaci\u00f3n presencial y virtual, y entrega de [&hellip;]<\/p>\n","protected":false},"author":2,"featured_media":0,"comment_status":"closed","ping_status":"closed","sticky":false,"template":"","format":"standard","meta":{"_jetpack_newsletter_access":"","_jetpack_dont_email_post_to_subs":false,"_jetpack_newsletter_tier_id":0,"_jetpack_memberships_contains_paywalled_content":false,"_jetpack_memberships_contains_paid_content":false,"footnotes":""},"categories":[73],"tags":[582,3525,2908,27418,251,27526,24697,25054,195],"class_list":["post-71465","post","type-post","status-publish","format-standard","hentry","category-de-boleto","tag-corintia-cruz-oregon","tag-erika-ayala-rios","tag-marlon-ramirez-marin","tag-mauricio-carlin-castillo-2","tag-pri","tag-ricardo-aguilar-castillo","tag-va-por-mexico","tag-va-por-veracruz","tag-veracruz"],"jetpack_featured_media_url":"","jetpack_sharing_enabled":true,"jetpack_shortlink":"https:\/\/wp.me\/p4Qcd3-iAF","_links":{"self":[{"href":"https:\/\/lospoliticosveracruz.com.mx\/index.php?rest_route=\/wp\/v2\/posts\/71465","targetHints":{"allow":["GET"]}}],"collection":[{"href":"https:\/\/lospoliticosveracruz.com.mx\/index.php?rest_route=\/wp\/v2\/posts"}],"about":[{"href":"https:\/\/lospoliticosveracruz.com.mx\/index.php?rest_route=\/wp\/v2\/types\/post"}],"author":[{"embeddable":true,"href":"https:\/\/lospoliticosveracruz.com.mx\/index.php?rest_route=\/wp\/v2\/users\/2"}],"replies":[{"embeddable":true,"href":"https:\/\/lospoliticosveracruz.com.mx\/index.php?rest_route=%2Fwp%2Fv2%2Fcomments&post=71465"}],"version-history":[{"count":1,"href":"https:\/\/lospoliticosveracruz.com.mx\/index.php?rest_route=\/wp\/v2\/posts\/71465\/revisions"}],"predecessor-version":[{"id":71467,"href":"https:\/\/lospoliticosveracruz.com.mx\/index.php?rest_route=\/wp\/v2\/posts\/71465\/revisions\/71467"}],"wp:attachment":[{"href":"https:\/\/lospoliticosveracruz.com.mx\/index.php?rest_route=%2Fwp%2Fv2%2Fmedia&parent=71465"}],"wp:term":[{"taxonomy":"category","embeddable":true,"href":"https:\/\/lospoliticosveracruz.com.mx\/index.php?rest_route=%2Fwp%2Fv2%2Fcategories&post=71465"},{"taxonomy":"post_tag","embeddable":true,"href":"https:\/\/lospoliticosveracruz.com.mx\/index.php?rest_route=%2Fwp%2Fv2%2Ftags&post=71465"}],"curies":[{"name":"wp","href":"https:\/\/api.w.org\/{rel}","templated":true}]}}