{"id":71537,"date":"2021-04-25T11:04:39","date_gmt":"2021-04-25T16:04:39","guid":{"rendered":"http:\/\/www.lospoliticosveracruz.com.mx\/?p=71537"},"modified":"2021-04-25T11:04:42","modified_gmt":"2021-04-25T16:04:42","slug":"aun-no-vacunan-a-todos-los-heroes","status":"publish","type":"post","link":"https:\/\/lospoliticosveracruz.com.mx\/?p=71537","title":{"rendered":"A\u00fan no vacunan a todos los h\u00e9roes!"},"content":{"rendered":"\n<p><em>Xalapa<\/em><br>La ma\u00f1ana de este domingo, trabajadores de la salud marcharon en Xalapa en demanda de vacunas contra el coronavirus para el personal de todas las \u00e1reas de los distintos hospitales y cl\u00ednicas p\u00fablicas y privadas.<br>Se trata de m\u00e9dicos, enfermeras, qu\u00edmicos, administrativos de Xalapa y el puerto de Veracruz.<br>Tan solo en el Centro de Alta Especialidad falta entre el 5 y 10 por ciento del personal de Salud de vacunarse, pero en el Instituto de Salud Mental falta la mitad de los trabajadores.<br>Vectores refiri\u00f3 que no cuentan con equipo m\u00ednimo de protecci\u00f3n y resta el 40 por ciento del personal. A\u00fan as\u00ed acudieron a apoyar la Jornada de Vacunaci\u00f3n de Adultos Mayores.<br>La marcha de m\u00e9dicos parti\u00f3 del Centro Estatal de Cancerolog\u00eda (CECAN) Dr. Miguel Dorantes Mesa hacia la plaza Lerdo frente a palacio de gobierno y con pancartas exigieron la vacuna, porque muchos de ellos est\u00e1n en la primera l\u00ednea contra el coronavirus.<\/p>\n","protected":false},"excerpt":{"rendered":"<p>XalapaLa ma\u00f1ana de este domingo, trabajadores de la salud marcharon en Xalapa en demanda de vacunas contra el coronavirus para el personal de todas las \u00e1reas de los distintos hospitales y cl\u00ednicas p\u00fablicas y privadas.Se trata de m\u00e9dicos, enfermeras, qu\u00edmicos, administrativos de Xalapa y el puerto de Veracruz.Tan solo en el Centro de Alta Especialidad [&hellip;]<\/p>\n","protected":false},"author":2,"featured_media":0,"comment_status":"closed","ping_status":"closed","sticky":false,"template":"","format":"standard","meta":{"_jetpack_newsletter_access":"","_jetpack_dont_email_post_to_subs":false,"_jetpack_newsletter_tier_id":0,"_jetpack_memberships_contains_paywalled_content":false,"_jetpack_memberships_contains_paid_content":false,"footnotes":""},"categories":[6446],"tags":[297,26577,4790,189,90,96],"class_list":["post-71537","post","type-post","status-publish","format-standard","hentry","category-la-nota","tag-cecan","tag-covid-19-2","tag-miguel-dorantes-mesa","tag-plaza-lerdo","tag-salud","tag-xalapa"],"jetpack_featured_media_url":"","jetpack_sharing_enabled":true,"jetpack_shortlink":"https:\/\/wp.me\/p4Qcd3-iBP","_links":{"self":[{"href":"https:\/\/lospoliticosveracruz.com.mx\/index.php?rest_route=\/wp\/v2\/posts\/71537","targetHints":{"allow":["GET"]}}],"collection":[{"href":"https:\/\/lospoliticosveracruz.com.mx\/index.php?rest_route=\/wp\/v2\/posts"}],"about":[{"href":"https:\/\/lospoliticosveracruz.com.mx\/index.php?rest_route=\/wp\/v2\/types\/post"}],"author":[{"embeddable":true,"href":"https:\/\/lospoliticosveracruz.com.mx\/index.php?rest_route=\/wp\/v2\/users\/2"}],"replies":[{"embeddable":true,"href":"https:\/\/lospoliticosveracruz.com.mx\/index.php?rest_route=%2Fwp%2Fv2%2Fcomments&post=71537"}],"version-history":[{"count":1,"href":"https:\/\/lospoliticosveracruz.com.mx\/index.php?rest_route=\/wp\/v2\/posts\/71537\/revisions"}],"predecessor-version":[{"id":71539,"href":"https:\/\/lospoliticosveracruz.com.mx\/index.php?rest_route=\/wp\/v2\/posts\/71537\/revisions\/71539"}],"wp:attachment":[{"href":"https:\/\/lospoliticosveracruz.com.mx\/index.php?rest_route=%2Fwp%2Fv2%2Fmedia&parent=71537"}],"wp:term":[{"taxonomy":"category","embeddable":true,"href":"https:\/\/lospoliticosveracruz.com.mx\/index.php?rest_route=%2Fwp%2Fv2%2Fcategories&post=71537"},{"taxonomy":"post_tag","embeddable":true,"href":"https:\/\/lospoliticosveracruz.com.mx\/index.php?rest_route=%2Fwp%2Fv2%2Ftags&post=71537"}],"curies":[{"name":"wp","href":"https:\/\/api.w.org\/{rel}","templated":true}]}}