{"id":71540,"date":"2021-04-25T14:16:27","date_gmt":"2021-04-25T19:16:27","guid":{"rendered":"http:\/\/www.lospoliticosveracruz.com.mx\/?p=71540"},"modified":"2021-04-25T22:37:48","modified_gmt":"2021-04-26T03:37:48","slug":"todos-por-hector","status":"publish","type":"post","link":"https:\/\/lospoliticosveracruz.com.mx\/?p=71540","title":{"rendered":"Todos por H\u00e9ctor"},"content":{"rendered":"\n<p><strong>Salvador Mu\u00f1oz<\/strong><\/p>\n\n\n\n<p><em>Los Pol\u00edticos<\/em><\/p>\n\n\n\n<p>Era un secreto a voces, pero una cosa es conocerlo como rumor, como chisme, y otra, de boca propia\u2026 o mejor dicho: audio propio.<\/p>\n\n\n\n<div class=\"wp-block-image\"><figure class=\"alignleft size-large\"><a href=\"http:\/\/www.lospoliticosveracruz.com.mx\/wp-content\/uploads\/2021\/04\/Celebremos-Cordoba-B.png\"><img decoding=\"async\" src=\"http:\/\/www.lospoliticosveracruz.com.mx\/wp-content\/uploads\/2021\/04\/Celebremos-Cordoba-B.png\" alt=\"\" class=\"wp-image-71293\"\/><\/a><\/figure><\/div>\n\n\n\n<p>El audio filtrado de una conversaci\u00f3n de H\u00e9ctor Yunes Landa donde cita \u201cYo cada vez estoy m\u00e1s seguro, m\u00e1s convencido que fue un acierto formar Todos por Veracruz\u201d lo coloc\u00f3 por lo menos en cuatro escenarios:<\/p>\n\n\n\n<p>El primero, padre de un partido nuevo.<\/p>\n\n\n\n<p>El segundo, un pri\u00edsta con otro partido.<\/p>\n\n\n\n<p>El tercero, ara\u00f1ando la mezquindad pol\u00edtica.<\/p>\n\n\n\n<p>El cuarto, desleal al partido, y por ende, a los ciudadanos.<\/p>\n\n\n\n<p>La reacci\u00f3n al interior del PRI no se hizo esperar en cuanto se fueron enterando de este audio, tanto que en Twitter se conform\u00f3 una cuenta bajo el siguiente nombre: \u201cH\u00e9ctor Yunes no me representa\u201d.<\/p>\n\n\n\n<p>El motivo de esta cuenta, solicitar la expulsi\u00f3n del partido del a\u00fan diputado federal con licencia.<\/p>\n\n\n\n<p>Lo que se ve a simple vista, tras la cita de paternidad de H\u00e9ctor Yunes (\u201cfue un acierto formar Todos por Veracruz\u201d) es la creaci\u00f3n de un partido \u201calterno\u201d al PRI.<\/p>\n\n\n\n<p>Si bien, esto no es nuevo, la creaci\u00f3n de un \u201cpartido alterno\u201d, son las circunstancias las que hacen ver mal a H\u00e9ctor Yunes.<\/p>\n\n\n\n<p>El ejemplo m\u00e1s claro est\u00e1 con el extinto Partido Revolucionario Veracruzano, que al parecer fue creado, bajo la bendici\u00f3n del Gobernador en turno, para dar espacio a quienes \u201cla democracia partidista\u201d no les dio oportunidad de ser candidatos y all\u00ed se refugiaban. Ganara el PRI o PRV, era lo mismo.<\/p>\n\n\n\n<div class=\"wp-block-image\"><figure class=\"alignleft size-large is-resized\"><a href=\"http:\/\/www.lospoliticosveracruz.com.mx\/wp-content\/uploads\/2021\/04\/Tecajetes.jpeg\"><img loading=\"lazy\" decoding=\"async\" src=\"http:\/\/www.lospoliticosveracruz.com.mx\/wp-content\/uploads\/2021\/04\/Tecajetes.jpeg\" alt=\"\" class=\"wp-image-71008\" width=\"296\" height=\"432\"\/><\/a><\/figure><\/div>\n\n\n\n<p>Ac\u00e1, todo indica que la creaci\u00f3n de \u201cTodos por H\u00e9ctor\u201d est\u00e1 alejada totalmente del PRI y m\u00e1s cercana al inter\u00e9s de H\u00e9ctor con miras al 2024 jugando a no perder, \u201csirviendo a dos amos\u201d.<\/p>\n\n\n\n<p>Por un lado, en el PRI, buscar\u00eda amarrar una \u201cPluri\u201d local y nada tonto: quiere la n\u00famero 1 bajo un concepto arcaico del pri\u00edsmo al que la nueva generaci\u00f3n le pega la vuelta: amiguismo y compadrazgo, basado en su relaci\u00f3n con Manlio Fabio Beltrones y Alito.<\/p>\n\n\n\n<p>Por otro lado, v\u00eda \u201cTodos por H\u00e9ctor\u201d, ir\u00e1 por el porcentaje de vida para mantenerse en el presupuesto, y lo dem\u00e1s, ser\u00e1 ganancia: regidur\u00edas; si tiene suerte, alguna alcald\u00eda; y si la elecci\u00f3n se lo permite, hasta una curul\u2026<\/p>\n\n\n\n<p>En pocas palabras, H\u00e9ctor quiere ganar por ganar, por encima de \u00bfsu partido? \u00bfCu\u00e1l partido? \u00bfEl que parti\u00f3 para conformar su propio partido? \u00bfo el que cre\u00f3 bajo una bandera ciudadana, disfrazada en un ficticio inter\u00e9s por la entidad sin tomar en cuenta el da\u00f1o que genera, no al PRI, sino a los veracruzanos, que lejos de ver en \u201cTodos por Veracruz\u201d una posible opci\u00f3n, hoy, su partido nuevo no viene a ser otra cosa que m\u00e1s de lo mismo\u2026 o algo parecido al \u201cno son iguales\u2026 \u00a1son peores!\u201d<\/p>\n\n\n\n<p>Habr\u00e1 que ver si el PRI responde a la exigencia de su militancia: la expulsi\u00f3n de H\u00e9ctor, por su deslealtad al partido.<\/p>\n\n\n\n<div class=\"wp-block-image\"><figure class=\"alignleft size-large is-resized\"><a href=\"https:\/\/drive.google.com\/file\/d\/1Q9mJWAbAAcSE5Xy3gLetz4G7zcZVnOr5\/view?fbclid=IwAR21RCgSVy7rnC7mFt72TIVuewikDvUknkwyTne89f8AwxPGge10KkDXXhI\"><img loading=\"lazy\" decoding=\"async\" src=\"http:\/\/www.lospoliticosveracruz.com.mx\/wp-content\/uploads\/2021\/04\/CLASES-MAGISTRALES.jpg\" alt=\"\" class=\"wp-image-70534\" width=\"350\" height=\"232\"\/><\/a><\/figure><\/div>\n\n\n\n<p><strong>Aquiles va \u00e9sta, renatistas!<\/strong><\/p>\n\n\n\n<p>Si Renato Alarc\u00f3n cree que ser\u00e1 un paseo la elecci\u00f3n por la presidencia municipal de Emiliano Zapata, \u00a1aguas! La percepci\u00f3n entre los zapatenses es un \u201cno queremos a los mismos de siempre\u201d. A partir de esta premisa es como se ha ido apuntalando un joven: Aquiles Moreno Solano, oriundo de Emiliano Zapata, abanderado de Fuerza por M\u00e9xico. Parece nada, pero con ocho a\u00f1os a cuesta, esta nueva opci\u00f3n electoral en la figura de Aquiles, la ha consolidado a trav\u00e9s de su asociaci\u00f3n civil \u00c1nimo Ciudadano, con la cual lo identifica la gente. \u00a1Aguas renatistas, aguas morenos! \u00a1Aquiles va \u00e9sta!<\/p>\n\n\n\n<p>smcainito@gmail.com<\/p>\n","protected":false},"excerpt":{"rendered":"<p>Salvador Mu\u00f1oz Los Pol\u00edticos Era un secreto a voces, pero una cosa es conocerlo como rumor, como chisme, y otra, de boca propia\u2026 o mejor dicho: audio propio. El audio filtrado de una conversaci\u00f3n de H\u00e9ctor Yunes Landa donde cita \u201cYo cada vez estoy m\u00e1s seguro, m\u00e1s convencido que fue un acierto formar Todos por [&hellip;]<\/p>\n","protected":false},"author":2,"featured_media":0,"comment_status":"closed","ping_status":"closed","sticky":false,"template":"","format":"standard","meta":{"_jetpack_newsletter_access":"","_jetpack_dont_email_post_to_subs":false,"_jetpack_newsletter_tier_id":0,"_jetpack_memberships_contains_paywalled_content":false,"_jetpack_memberships_contains_paid_content":false,"footnotes":""},"categories":[70],"tags":[348,27546,251,16226,195],"class_list":["post-71540","post","type-post","status-publish","format-standard","hentry","category-de-opinion","tag-hector-yunes-landa","tag-hector-yunes-no-me-representa","tag-pri","tag-todos-por-veracruz","tag-veracruz"],"jetpack_featured_media_url":"","jetpack_sharing_enabled":true,"jetpack_shortlink":"https:\/\/wp.me\/p4Qcd3-iBS","_links":{"self":[{"href":"https:\/\/lospoliticosveracruz.com.mx\/index.php?rest_route=\/wp\/v2\/posts\/71540","targetHints":{"allow":["GET"]}}],"collection":[{"href":"https:\/\/lospoliticosveracruz.com.mx\/index.php?rest_route=\/wp\/v2\/posts"}],"about":[{"href":"https:\/\/lospoliticosveracruz.com.mx\/index.php?rest_route=\/wp\/v2\/types\/post"}],"author":[{"embeddable":true,"href":"https:\/\/lospoliticosveracruz.com.mx\/index.php?rest_route=\/wp\/v2\/users\/2"}],"replies":[{"embeddable":true,"href":"https:\/\/lospoliticosveracruz.com.mx\/index.php?rest_route=%2Fwp%2Fv2%2Fcomments&post=71540"}],"version-history":[{"count":3,"href":"https:\/\/lospoliticosveracruz.com.mx\/index.php?rest_route=\/wp\/v2\/posts\/71540\/revisions"}],"predecessor-version":[{"id":71566,"href":"https:\/\/lospoliticosveracruz.com.mx\/index.php?rest_route=\/wp\/v2\/posts\/71540\/revisions\/71566"}],"wp:attachment":[{"href":"https:\/\/lospoliticosveracruz.com.mx\/index.php?rest_route=%2Fwp%2Fv2%2Fmedia&parent=71540"}],"wp:term":[{"taxonomy":"category","embeddable":true,"href":"https:\/\/lospoliticosveracruz.com.mx\/index.php?rest_route=%2Fwp%2Fv2%2Fcategories&post=71540"},{"taxonomy":"post_tag","embeddable":true,"href":"https:\/\/lospoliticosveracruz.com.mx\/index.php?rest_route=%2Fwp%2Fv2%2Ftags&post=71540"}],"curies":[{"name":"wp","href":"https:\/\/api.w.org\/{rel}","templated":true}]}}