{"id":71579,"date":"2021-04-26T10:24:13","date_gmt":"2021-04-26T15:24:13","guid":{"rendered":"http:\/\/www.lospoliticosveracruz.com.mx\/?p=71579"},"modified":"2021-04-26T10:24:18","modified_gmt":"2021-04-26T15:24:18","slug":"la-otra-vacuna","status":"publish","type":"post","link":"https:\/\/lospoliticosveracruz.com.mx\/?p=71579","title":{"rendered":"La otra vacuna"},"content":{"rendered":"\n<p><strong>Sergio Gonz\u00e1lez Levet<\/strong><\/p>\n\n\n\n<p><em>Sin tacto<\/em><\/p>\n\n\n\n<p>Muchos que ya tenemos las dos o una dosis de la vacuna anticovid nos sentimos aliviados del tenor de ser contagiados por el virus m\u00e1s letal de los \u00faltimos a\u00f1os en el planeta.<br>En eso est\u00e1n ya muchos mayores de 60 a\u00f1os y los profesores y los heroicos trabajadores del sector saludos y alguno que otro funcionario deshonesto y los familiares de \u00e9ste y los que tuvieron dinero para ir a Houston o a Miami les ha dejado de preocupar grandemente la Covid-19 porque ya est\u00e1n blindados contra el mal del siglo, cuando menos por seis meses.<br>Faltar\u00e1n nada m\u00e1s unos 80 o 90 millones de compatriotas que a\u00fan no han recibido la vacuna, pero la 4T y su patriarca prometen que m\u00e1s temprano que tarde todos los mexicanos estar\u00e1n debidamente inoculados, sean chairos o fif\u00eds.<br>Vamos a creerle a los que tanto nos est\u00e1n prometiendo, y digamos que en un momento dado el pa\u00eds alcanzar\u00e1 la inmunidad de reba\u00f1o y as\u00ed el coronavirus estar\u00e1 -ahora s\u00ed- domado.<br>Peeeeero\u2026 aunque hayamos podido contra el bicho maligno, sus efectos seguir\u00e1n sinti\u00e9ndose por mucho tiempo. Hay enfermos que aunque lograron sobrevivir quedaron con secuelas que les tomar\u00e1 muchos meses y hasta a\u00f1os superar.<br>Y el otro golpe letal fue en la econom\u00eda del mundo, que qued\u00f3 gravemente da\u00f1ada, al grado que el gobierno de Joe Biden tuvo que echar a andar un programa de ayuda inaudito por su tama\u00f1o, para sacar del marasmo a los norteamericanos.<br>En nuestro pa\u00eds, los ciudadanos seguimos esperando que por fin nos pongan a todos la vacuna, pero tambi\u00e9n nos urge otra vacuna, que ser\u00eda la iinyecci\u00f3n de recursos p\u00fablicos al aparato productivo y al comercial.<br>Esa segunda vacuna nos podr\u00eda salvar de la enfermedad que nos dej\u00f3 sin recursos para sobrevivir, para vivir, para que podamos volver a ser quienes fuimos.<br>Todos esperan que el mes\u00edas cuatrote\u00edsta anuncie por fin una cruzada en ayuda de nuestra alica\u00edda econom\u00eda nacional, moribunda por falta de apoyos reales, y en la que flotamos precariamente los mexicanos.<br>Las masas fam\u00e9licas, la clase media a punto de la extinci\u00f3n, los empresarios que han puesto su pundonor para mantener el aparato productivo y seguir pagando sueldos\u2026 todos esperan que por fin el Presidente de la Rep\u00fablica anuncie un plan nacional de rescate, una segunda vacuna econ\u00f3mica para todos.<br>\u00bfSer\u00e1 que \u00e9sa tambi\u00e9n nos llegar\u00e1 alg\u00fan d\u00eda?<\/p>\n\n\n\n<p>sglevet@gmail.com<\/p>\n","protected":false},"excerpt":{"rendered":"<p>Sergio Gonz\u00e1lez Levet Sin tacto Muchos que ya tenemos las dos o una dosis de la vacuna anticovid nos sentimos aliviados del tenor de ser contagiados por el virus m\u00e1s letal de los \u00faltimos a\u00f1os en el planeta.En eso est\u00e1n ya muchos mayores de 60 a\u00f1os y los profesores y los heroicos trabajadores del sector [&hellip;]<\/p>\n","protected":false},"author":2,"featured_media":66059,"comment_status":"closed","ping_status":"closed","sticky":false,"template":"","format":"standard","meta":{"_jetpack_newsletter_access":"","_jetpack_dont_email_post_to_subs":false,"_jetpack_newsletter_tier_id":0,"_jetpack_memberships_contains_paywalled_content":false,"_jetpack_memberships_contains_paid_content":false,"footnotes":""},"categories":[70],"tags":[17426,24058,27487,27551,616,19347],"class_list":["post-71579","post","type-post","status-publish","format-standard","has-post-thumbnail","hentry","category-de-opinion","tag-4t","tag-profesores","tag-segunda-dosis","tag-trabajadores-del-sector","tag-vacuna","tag-vacunacion"],"jetpack_featured_media_url":"https:\/\/lospoliticosveracruz.com.mx\/wp-content\/uploads\/2020\/12\/Vacuna1.jpg","jetpack_sharing_enabled":true,"jetpack_shortlink":"https:\/\/wp.me\/p4Qcd3-iCv","_links":{"self":[{"href":"https:\/\/lospoliticosveracruz.com.mx\/index.php?rest_route=\/wp\/v2\/posts\/71579","targetHints":{"allow":["GET"]}}],"collection":[{"href":"https:\/\/lospoliticosveracruz.com.mx\/index.php?rest_route=\/wp\/v2\/posts"}],"about":[{"href":"https:\/\/lospoliticosveracruz.com.mx\/index.php?rest_route=\/wp\/v2\/types\/post"}],"author":[{"embeddable":true,"href":"https:\/\/lospoliticosveracruz.com.mx\/index.php?rest_route=\/wp\/v2\/users\/2"}],"replies":[{"embeddable":true,"href":"https:\/\/lospoliticosveracruz.com.mx\/index.php?rest_route=%2Fwp%2Fv2%2Fcomments&post=71579"}],"version-history":[{"count":1,"href":"https:\/\/lospoliticosveracruz.com.mx\/index.php?rest_route=\/wp\/v2\/posts\/71579\/revisions"}],"predecessor-version":[{"id":71580,"href":"https:\/\/lospoliticosveracruz.com.mx\/index.php?rest_route=\/wp\/v2\/posts\/71579\/revisions\/71580"}],"wp:featuredmedia":[{"embeddable":true,"href":"https:\/\/lospoliticosveracruz.com.mx\/index.php?rest_route=\/wp\/v2\/media\/66059"}],"wp:attachment":[{"href":"https:\/\/lospoliticosveracruz.com.mx\/index.php?rest_route=%2Fwp%2Fv2%2Fmedia&parent=71579"}],"wp:term":[{"taxonomy":"category","embeddable":true,"href":"https:\/\/lospoliticosveracruz.com.mx\/index.php?rest_route=%2Fwp%2Fv2%2Fcategories&post=71579"},{"taxonomy":"post_tag","embeddable":true,"href":"https:\/\/lospoliticosveracruz.com.mx\/index.php?rest_route=%2Fwp%2Fv2%2Ftags&post=71579"}],"curies":[{"name":"wp","href":"https:\/\/api.w.org\/{rel}","templated":true}]}}