{"id":71670,"date":"2021-04-27T14:06:52","date_gmt":"2021-04-27T19:06:52","guid":{"rendered":"http:\/\/www.lospoliticosveracruz.com.mx\/?p=71670"},"modified":"2021-04-27T14:06:55","modified_gmt":"2021-04-27T19:06:55","slug":"urge-controlar-espiral-inflacionaria-americo","status":"publish","type":"post","link":"https:\/\/lospoliticosveracruz.com.mx\/?p=71670","title":{"rendered":"Urge controlar espiral inflacionaria: Am\u00e9rico"},"content":{"rendered":"\n<p><strong>Xalapa<\/strong><br>El candidato de la Alianza \u201cVa por M\u00e9xico\u201d a la Diputaci\u00f3n Federal por el Distrito 10 Xalapa Urbano, Am\u00e9rico Z\u00fa\u00f1iga Mart\u00ednez, se\u00f1al\u00f3 que la espiral inflacionaria que se est\u00e1 presentando en nuestro pa\u00eds es terrible y, a pesar de los esfuerzos del Banco de M\u00e9xico (Banxico) por contener esta situaci\u00f3n, el p\u00e9simo manejo gubernamental empieza a presionar el aumento de precios, lo que esta impactando de una forma grav\u00edsima en poder adquisitivo de las familias.<\/p>\n\n\n\n<div class=\"wp-block-image\"><figure class=\"alignleft size-large\"><a href=\"http:\/\/www.lospoliticosveracruz.com.mx\/wp-content\/uploads\/2021\/04\/Celebremos-Cordoba-B.png\"><img decoding=\"async\" src=\"http:\/\/www.lospoliticosveracruz.com.mx\/wp-content\/uploads\/2021\/04\/Celebremos-Cordoba-B.png\" alt=\"\" class=\"wp-image-71293\"\/><\/a><\/figure><\/div>\n\n\n\n<p><br>Explic\u00f3 que, durante esta campa\u00f1a, todos los xalape\u00f1os le han expresado su preocupaci\u00f3n por el aumento del precio de los energ\u00e9ticos. La gasolina, al 26 de abril, estaba reportando un promedio de 20.76 pesos el litro de Magna y 22.4 pesos la Premium, y 21.4 el Diesel; el gas ha aumentado 36% en marzo de este a\u00f1o al pasar de 17.8 a 24.5 pesos por kilogramo. \u201cNunca se hab\u00eda pagado tanto\u201d.<br>Adem\u00e1s, Z\u00fa\u00f1iga Mart\u00ednez record\u00f3 que el huevo, un componente important\u00edsimo en la dieta de todos los mexicanos, ha llegado a costar hasta 40 pesos el kilo, las res 180 pesos el kilo, el precio del arroz ha aumentado cerca del 30%, el frijol un 22%, la leche un 7%, el pollo casi en un 13%.<br>\u201cNos estamos acercando de manera peligrosa al fen\u00f3meno llamado estanflaci\u00f3n, es decir la combinaci\u00f3n del aumento de la inflaci\u00f3n con el estancamiento econ\u00f3mico, lo que est\u00e1 considerado como el peor de los escenarios, y los aumentos al salario m\u00ednimo no han ayudado en nada, porque no se han reflejado en el poder adquisitivo de las familias\u201d, expres\u00f3.<br>\u201cCreo que la gente debe de entender que M\u00e9xico necesita viabilidad, que este pa\u00eds no se puede manejar con una pol\u00edtica p\u00fablica tan err\u00e1tica en t\u00e9rminos econ\u00f3micos. De nada va a servir que se sigan dando apoyos y programas con ayudas si sigue creciendo el precio de la canasta b\u00e1sica\u201d, asegur\u00f3 Am\u00e9rico Z\u00fa\u00f1iga Mart\u00ednez.<br>El candidato a la Diputaci\u00f3n Federal por el Distrito 10 record\u00f3 que el Fondo de Estabilizaci\u00f3n de Ingresos Presupuestarios era un recurso del que se pod\u00eda echar mano para atenuar los efectos de una crisis como la que estamos pasando. \u201cEse fondo en el 2018 ten\u00eda 324 mil millones de pesos, y el a\u00f1o pasado hab\u00eda solamente 9 mil millones de pesos, y solamente en los primeros seis meses de gobierno se cay\u00f3 a la mitad. Esto quiere decir que incluso los fondos que se ten\u00edan para paliar las crisis econ\u00f3micas se han esfumado\u201d.<br>El gobierno s\u00f3lo tiene dos opciones para hacerse de m\u00e1s dinero, o sube los impuestos, o se endeuda, y esta administraci\u00f3n p\u00fablica ha decidido endeudarse hasta dos veces m\u00e1s que todo el sexenio pasado, y adem\u00e1s est\u00e1n aumentando much\u00edsimo los impuestos, indic\u00f3. \u201cEso se tiene que combatir\u201d.<br>Para enfrentar esta situaci\u00f3n, Am\u00e9rico Z\u00fa\u00f1iga propuso el restablecimiento de una pol\u00edtica econ\u00f3mica adecuada, la racionalidad de los recursos, la inversi\u00f3n hacia el futuro, la creaci\u00f3n de fondos que le permitan a M\u00e9xico tener fortalezas en caso de crisis econ\u00f3mica, y una mucho mejor vigilancia en el manejo de los fondos. \u201cSe tiene que incentivar la inversi\u00f3n tanto p\u00fablica como privada, se tiene que ayudar a que m\u00e1s empresas lleguen al pa\u00eds y hacer que M\u00e9xico renazca como la gran potencia que es\u201d.<br>\u201cEn fin, es una agenda vast\u00edsima la que impulsar\u00edamos desde el Congreso de la Uni\u00f3n, una vez que lleguemos all\u00ed\u201d. Por ello, al dirigirse a los xalape\u00f1os, Am\u00e9rico Z\u00fa\u00f1iga se\u00f1al\u00f3 que el nombrarlo Diputado Federal realmente va a tener un impacto positivo y real en la econom\u00eda de todos.<\/p>\n","protected":false},"excerpt":{"rendered":"<p>XalapaEl candidato de la Alianza \u201cVa por M\u00e9xico\u201d a la Diputaci\u00f3n Federal por el Distrito 10 Xalapa Urbano, Am\u00e9rico Z\u00fa\u00f1iga Mart\u00ednez, se\u00f1al\u00f3 que la espiral inflacionaria que se est\u00e1 presentando en nuestro pa\u00eds es terrible y, a pesar de los esfuerzos del Banco de M\u00e9xico (Banxico) por contener esta situaci\u00f3n, el p\u00e9simo manejo gubernamental empieza [&hellip;]<\/p>\n","protected":false},"author":2,"featured_media":0,"comment_status":"closed","ping_status":"closed","sticky":false,"template":"","format":"standard","meta":{"_jetpack_newsletter_access":"","_jetpack_dont_email_post_to_subs":false,"_jetpack_newsletter_tier_id":0,"_jetpack_memberships_contains_paywalled_content":false,"_jetpack_memberships_contains_paid_content":false,"footnotes":""},"categories":[73],"tags":[539,1712,12039,27594,27553,107,25054],"class_list":["post-71670","post","type-post","status-publish","format-standard","hentry","category-de-boleto","tag-americo-zuniga-martinez","tag-congreso-de-la-union","tag-distrito-10","tag-estanflacion","tag-inflacion","tag-prd","tag-va-por-veracruz"],"jetpack_featured_media_url":"","jetpack_sharing_enabled":true,"jetpack_shortlink":"https:\/\/wp.me\/p4Qcd3-iDY","_links":{"self":[{"href":"https:\/\/lospoliticosveracruz.com.mx\/index.php?rest_route=\/wp\/v2\/posts\/71670","targetHints":{"allow":["GET"]}}],"collection":[{"href":"https:\/\/lospoliticosveracruz.com.mx\/index.php?rest_route=\/wp\/v2\/posts"}],"about":[{"href":"https:\/\/lospoliticosveracruz.com.mx\/index.php?rest_route=\/wp\/v2\/types\/post"}],"author":[{"embeddable":true,"href":"https:\/\/lospoliticosveracruz.com.mx\/index.php?rest_route=\/wp\/v2\/users\/2"}],"replies":[{"embeddable":true,"href":"https:\/\/lospoliticosveracruz.com.mx\/index.php?rest_route=%2Fwp%2Fv2%2Fcomments&post=71670"}],"version-history":[{"count":1,"href":"https:\/\/lospoliticosveracruz.com.mx\/index.php?rest_route=\/wp\/v2\/posts\/71670\/revisions"}],"predecessor-version":[{"id":71672,"href":"https:\/\/lospoliticosveracruz.com.mx\/index.php?rest_route=\/wp\/v2\/posts\/71670\/revisions\/71672"}],"wp:attachment":[{"href":"https:\/\/lospoliticosveracruz.com.mx\/index.php?rest_route=%2Fwp%2Fv2%2Fmedia&parent=71670"}],"wp:term":[{"taxonomy":"category","embeddable":true,"href":"https:\/\/lospoliticosveracruz.com.mx\/index.php?rest_route=%2Fwp%2Fv2%2Fcategories&post=71670"},{"taxonomy":"post_tag","embeddable":true,"href":"https:\/\/lospoliticosveracruz.com.mx\/index.php?rest_route=%2Fwp%2Fv2%2Ftags&post=71670"}],"curies":[{"name":"wp","href":"https:\/\/api.w.org\/{rel}","templated":true}]}}