{"id":71972,"date":"2021-05-04T07:56:24","date_gmt":"2021-05-04T12:56:24","guid":{"rendered":"http:\/\/www.lospoliticosveracruz.com.mx\/?p=71972"},"modified":"2021-05-04T07:56:27","modified_gmt":"2021-05-04T12:56:27","slug":"luz-verde-a-chiquiyunes","status":"publish","type":"post","link":"https:\/\/lospoliticosveracruz.com.mx\/?p=71972","title":{"rendered":"Luz verde a Chiquiyunes!"},"content":{"rendered":"\n<p><strong>Veracruz<\/strong><br>Miguel \u00c1ngel Yunes M\u00e1rquez recibi\u00f3 del Organismo P\u00fablico Local Electoral (OPLE) la confirmaci\u00f3n definitiva de que su candidatura a la Presidencia Municipal de Veracruz cumple todos los requisitos de ley y oficialmente inicia su campa\u00f1a con gran confianza por la s\u00f3lida ventaja que le dan las encuestas.<br>El candidato a Presidente Municipal de Veracruz de la alianza \u201cVeracruz va\u201d PAN-PRI-PRD, agradeci\u00f3 el respaldo de los porte\u00f1os a su proyecto pol\u00edtico y dijo que \u00e9ste es el proyecto de la gente.<br>Manifest\u00f3 que durante su campa\u00f1a recorrer\u00e1 todo el municipio para convencer a cada mujer y cada hombre de ser la mejor opci\u00f3n para la alcald\u00eda de Veracruz y est\u00e1 seguro de que lo va a lograr.<br>\u201cPor qu\u00e9, porque hemos dado resultados, porque sabemos trabajar y porque queremos un Veracruz que tenga seguridad, que tenga empleo, que tenga mejor infraestructura, que la gente viva mejor\u201d, sostuvo.<br>\u201cVamos a hacer las cosas bien, seguir\u00e1 este camino de progreso que ya empez\u00f3 en Veracruz y le daremos continuidad porque estoy seguro que es lo que la gente quiere y necesita. \u00a1Les invito a que se unan a nosotros a este que es el proyecto de la gente!\u201d, a\u00f1adi\u00f3 Miguel \u00c1ngel Yunes M\u00e1rquez.<\/p>\n","protected":false},"excerpt":{"rendered":"<p>VeracruzMiguel \u00c1ngel Yunes M\u00e1rquez recibi\u00f3 del Organismo P\u00fablico Local Electoral (OPLE) la confirmaci\u00f3n definitiva de que su candidatura a la Presidencia Municipal de Veracruz cumple todos los requisitos de ley y oficialmente inicia su campa\u00f1a con gran confianza por la s\u00f3lida ventaja que le dan las encuestas.El candidato a Presidente Municipal de Veracruz de la [&hellip;]<\/p>\n","protected":false},"author":2,"featured_media":0,"comment_status":"closed","ping_status":"closed","sticky":false,"template":"","format":"standard","meta":{"_jetpack_newsletter_access":"","_jetpack_dont_email_post_to_subs":false,"_jetpack_newsletter_tier_id":0,"_jetpack_memberships_contains_paywalled_content":false,"_jetpack_memberships_contains_paid_content":false,"footnotes":""},"categories":[73],"tags":[536,3272,195,25692],"class_list":["post-71972","post","type-post","status-publish","format-standard","hentry","category-de-boleto","tag-miguel-angel-yunes-marquez","tag-ople","tag-veracruz","tag-veracruz-va"],"jetpack_featured_media_url":"","jetpack_sharing_enabled":true,"jetpack_shortlink":"https:\/\/wp.me\/p4Qcd3-iIQ","_links":{"self":[{"href":"https:\/\/lospoliticosveracruz.com.mx\/index.php?rest_route=\/wp\/v2\/posts\/71972","targetHints":{"allow":["GET"]}}],"collection":[{"href":"https:\/\/lospoliticosveracruz.com.mx\/index.php?rest_route=\/wp\/v2\/posts"}],"about":[{"href":"https:\/\/lospoliticosveracruz.com.mx\/index.php?rest_route=\/wp\/v2\/types\/post"}],"author":[{"embeddable":true,"href":"https:\/\/lospoliticosveracruz.com.mx\/index.php?rest_route=\/wp\/v2\/users\/2"}],"replies":[{"embeddable":true,"href":"https:\/\/lospoliticosveracruz.com.mx\/index.php?rest_route=%2Fwp%2Fv2%2Fcomments&post=71972"}],"version-history":[{"count":1,"href":"https:\/\/lospoliticosveracruz.com.mx\/index.php?rest_route=\/wp\/v2\/posts\/71972\/revisions"}],"predecessor-version":[{"id":71975,"href":"https:\/\/lospoliticosveracruz.com.mx\/index.php?rest_route=\/wp\/v2\/posts\/71972\/revisions\/71975"}],"wp:attachment":[{"href":"https:\/\/lospoliticosveracruz.com.mx\/index.php?rest_route=%2Fwp%2Fv2%2Fmedia&parent=71972"}],"wp:term":[{"taxonomy":"category","embeddable":true,"href":"https:\/\/lospoliticosveracruz.com.mx\/index.php?rest_route=%2Fwp%2Fv2%2Fcategories&post=71972"},{"taxonomy":"post_tag","embeddable":true,"href":"https:\/\/lospoliticosveracruz.com.mx\/index.php?rest_route=%2Fwp%2Fv2%2Ftags&post=71972"}],"curies":[{"name":"wp","href":"https:\/\/api.w.org\/{rel}","templated":true}]}}