{"id":72105,"date":"2021-05-05T18:53:42","date_gmt":"2021-05-05T23:53:42","guid":{"rendered":"http:\/\/www.lospoliticosveracruz.com.mx\/?p=72105"},"modified":"2021-05-05T18:53:47","modified_gmt":"2021-05-05T23:53:47","slug":"candidatos-magos-y","status":"publish","type":"post","link":"https:\/\/lospoliticosveracruz.com.mx\/?p=72105","title":{"rendered":"Candidatos: magos y\u2026"},"content":{"rendered":"\n<p><strong>Jorge Arturo Rodr\u00edguez<\/strong><\/p>\n\n\n\n<p><em>Tierra de Babel<br><\/em><\/p>\n\n\n\n<p>\u201cTodos queremos creer en lo imposible, supongo, convencernos de que pueden ocurrir milagros\u201d. (Paul Auster).<\/p>\n\n\n\n<p>Aperitivo: En M\u00e9xico, los cinco estados con mayor rezago social son: Chiapas, Oaxaca, Guerrero, Veracruz y Puebla, y los 10 municipios que tienen un mayor rezago social son: Batopilas de Manuel G\u00f3mez Mor\u00edn (Chihuahua); Mezquital (Durango); Del Nayar (Nayarit); Cochoapa el Grande (Guerrero); Mezquitic (Jalisco); Chalchihuit\u00e1n y Sital\u00e1 (Chiapas); San Jos\u00e9 Tenango (Oaxaca); Urique (Chihuahua), y Mixtla de Altamirano (Veracruz). (\u00cdndice de Rezago Social 2020, realizado por el Consejo Nacional de Evaluaci\u00f3n de la Pol\u00edtica de Desarrollo Social, Coneval).<br>Desde que empec\u00e9 a enterarme sobre la supuesta importancia de las campa\u00f1as electorales, hace ya varios ayeres, cual inocente palomita y creer en las artificiosas promesas y teatrales compromisos de los que luego ni yo mismo me acordaba, amanec\u00eda y permanec\u00eda con los t\u00edmpanos y vista repletos de ofertas, proposiciones y un mundo feliz. La historia de M\u00e9xico tiene sus datos, s\u00f3lo hay que revisarlos, sopesarlos, analizarlos, concluir y\u2026 El chiste es que los tiempos de campa\u00f1as electorales, otra vez, ya est\u00e1n aqu\u00ed, y ahora trato de resguardarme \u2013no oigo, no oigo, soy de palo- del tsunami de propuestas endebles que buscan el voto para despu\u00e9s \u00bfqu\u00e9? Ahora los candidatos se ponen, no la camiseta, sino la botarga de magos, videntes, profetas, demiurgos, lo que sea, con tal de seguir, seguir, seguir\u2026 \u00bfHacia d\u00f3nde? Lo peor: \u201c\u00a1Uno para todos y todos para uno!\u201d se ha torcido: \u201cTodos contra uno y uno contra todo!\u201d \u00bfTienen l\u00edmites la hipocres\u00eda y la ambici\u00f3n?<br>En fin. T. S. Eliot escribi\u00f3 que la Humanidad no puede soportar mucha realidad. Se entiende. En todo caso, estoy absolutamente convencido que ninguna riqueza del mundo puede ayudar a que progrese la humanidad. El mundo necesita paz permanente y buena voluntad perdurable, escribiera Albert Einstein. Ah\u00ed est\u00e1 el detalle.<\/p>\n\n\n\n<p><strong>Los d\u00edas y los temas<br><\/strong>Celebro que el pasado martes 4 de abril del presente, se haya presentado la Gu\u00eda para la Atenci\u00f3n a Personas con Trastorno del Espectro Autista que ofrece a la sociedad un instrumento para el diagn\u00f3stico temprano, consulta, orientaci\u00f3n y atenci\u00f3n de las personas que viven con dicho trastorno (TEA), y que mucha falta nos hace. Fue un trabajo interdisciplinar e interinstitucional, con la participaci\u00f3n de autoridades gubernamentales, organismos aut\u00f3nomos, la LXV Legislatura Local y, sobre todo, de la organizaci\u00f3n Viautismo Incluyente AC, representada por su presidenta, Beatriz Lechuga M\u00e9ndez; la secretaria t\u00e9cnica, C\u00e9lita Viviana C\u00e1ceres Gonz\u00e1lez; la representante legal, Judith Abigail Gonz\u00e1lez Padua, y Lizzete Margarita Flandes Luna, integrante y colaboradora, todas ellas redactoras, investigadoras y autoras de la Gu\u00eda. Enhorabuena.<br>Seamos precisos. Ya tenemos la Ley Para la Atenci\u00f3n, Intervenci\u00f3n, Protecci\u00f3n e Inclusi\u00f3n de las Personas con Trastorno del Espectro Autista para el Estado de Veracruz, y su Reglamento. El art\u00edculo 2 de la Ley referida dice: \u201cLa presente Ley tiene por objeto:<br>I. Impulsar la plena integraci\u00f3n e inclusi\u00f3n educativa, social, y laboral de las personas con el Trastorno del Espectro Autista en un ambiente libre de discriminaci\u00f3n y con un enfoque especializado e integral, mediante la protecci\u00f3n de sus derechos humanos y necesidades fundamentales que les son reconocidos en la Constituci\u00f3n Pol\u00edtica de los Estados Unidos Mexicanos y en los tratados internacionales, sin perjuicio de los derechos tutelados por otras leyes u ordenamientos;<br>y II. Garantizar la creaci\u00f3n e implementaci\u00f3n de pol\u00edticas p\u00fablicas, programas y acciones institucionales efectivas en favor de las personas con Trastorno del Espectro Autista, de sus padres o de quien legalmente se encuentre a su cargo, en los \u00e1mbitos de la salud, entendida \u00e9sta en su sentido m\u00e1s amplio y en los \u00e1mbitos educativo, social y laboral, de acuerdo con lo establecido en la presente Ley y los dem\u00e1s instrumentos legales aplicables.<br>Tons, c\u00famplase la Ley. Mientras, vayamos pens\u00e1ndolo y aplic\u00e1ndonos. Hurgando por ah\u00ed, encontr\u00e9 lo siguiente sobre el autismo:<br>1.- Tener autismo no significa no ser humano, sino ser diferente. Jim Sinclair, 1992.<br>2.- La esperanza de encontrar alguna explicaci\u00f3n estuvo siempre en mi subconsciente. Gunilla Gerland.<br>3.- Te oigo mejor cuando no te estoy mirando. El contacto visual es inc\u00f3modo. La gente nunca entender\u00e1 la batalla a la que me enfrento para poder hacer esto. Wendy Lawson, 1998.<br>4.- Toda mi forma de pensar es visual. Temple Grandin.<br>5.- En todo momento mantengo una lucha para hacer el salto de la percepci\u00f3n al significado. J. G. T. Van Dalen.<br>6.- La vida es una masa tan confusa de sonidos y visiones por eso sirve de gran ayuda poner orden. Therese Jolife, 1992.<br>7.- Cuando me siento enfadada y desesperada por todo, la m\u00fasica es la \u00fanica forma de calmarme por dentro. Therese Joliffe, 1992.<br>8.- No entend\u00eda por qu\u00e9 las personas hablaban entre s\u00ed. Me sent\u00ed como un extraterrestre. No ten\u00eda m\u00e1s idea de c\u00f3mo comunicarme con las personas, de la que tendr\u00eda un ser procedente de otro mundo. Sean Barron, 1992.<br>9.- Si las dem\u00e1s personas pudieran experimentar durante tan solo unos minutos lo que es el autismo, podr\u00edan saber c\u00f3mo ayudar. Therese Joliffe, 1992.<br>10.- La vida es una verdadera batalla. El titubeo sobre tantas cosas que la gente considera trivial produce mucha tristeza. Therese Joliffe.<br>11.- Es una falta de respeto reducir el discurso sobre el autismo a nivel de la conducta, sin tener en cuenta los desaf\u00edos que enfrenta la persona con autismo para estar bien regulada emocionalmente. Ros Blackburn.<br>12.- Una gran parte de mi vida se gasta tratando de encontrar el patr\u00f3n que se encuentra detr\u00e1s de todo. Therese Joliffe.<\/p>\n\n\n\n<p>De cinismo y anexas<\/p>\n\n\n\n<p>Aguas\u2026 ah\u00ed vienen las hienas\u2026 \u00a1Ay, el amor en tiempos electorales!<br>Ah\u00ed se ven.<\/p>\n","protected":false},"excerpt":{"rendered":"<p>Jorge Arturo Rodr\u00edguez Tierra de Babel \u201cTodos queremos creer en lo imposible, supongo, convencernos de que pueden ocurrir milagros\u201d. (Paul Auster). Aperitivo: En M\u00e9xico, los cinco estados con mayor rezago social son: Chiapas, Oaxaca, Guerrero, Veracruz y Puebla, y los 10 municipios que tienen un mayor rezago social son: Batopilas de Manuel G\u00f3mez Mor\u00edn (Chihuahua); [&hellip;]<\/p>\n","protected":false},"author":2,"featured_media":0,"comment_status":"closed","ping_status":"closed","sticky":false,"template":"","format":"standard","meta":{"_jetpack_newsletter_access":"","_jetpack_dont_email_post_to_subs":false,"_jetpack_newsletter_tier_id":0,"_jetpack_memberships_contains_paywalled_content":false,"_jetpack_memberships_contains_paid_content":false,"footnotes":""},"categories":[70],"tags":[27750,27751,1824,9332,2677,27752,27753,27748,27754],"class_list":["post-72105","post","type-post","status-publish","format-standard","hentry","category-de-opinion","tag-beatriz-lechuga-mendez","tag-celita-viviana-caceres-gonzalez","tag-coneval","tag-desarrollo-social","tag-jorge-arturo-rodriguez","tag-judith-abigail-gonzalez-padua","tag-lizzete-margarita-flandes-luna","tag-rezago-social","tag-trastorno-del-espectro-autista"],"jetpack_featured_media_url":"","jetpack_sharing_enabled":true,"jetpack_shortlink":"https:\/\/wp.me\/p4Qcd3-iKZ","_links":{"self":[{"href":"https:\/\/lospoliticosveracruz.com.mx\/index.php?rest_route=\/wp\/v2\/posts\/72105","targetHints":{"allow":["GET"]}}],"collection":[{"href":"https:\/\/lospoliticosveracruz.com.mx\/index.php?rest_route=\/wp\/v2\/posts"}],"about":[{"href":"https:\/\/lospoliticosveracruz.com.mx\/index.php?rest_route=\/wp\/v2\/types\/post"}],"author":[{"embeddable":true,"href":"https:\/\/lospoliticosveracruz.com.mx\/index.php?rest_route=\/wp\/v2\/users\/2"}],"replies":[{"embeddable":true,"href":"https:\/\/lospoliticosveracruz.com.mx\/index.php?rest_route=%2Fwp%2Fv2%2Fcomments&post=72105"}],"version-history":[{"count":1,"href":"https:\/\/lospoliticosveracruz.com.mx\/index.php?rest_route=\/wp\/v2\/posts\/72105\/revisions"}],"predecessor-version":[{"id":72108,"href":"https:\/\/lospoliticosveracruz.com.mx\/index.php?rest_route=\/wp\/v2\/posts\/72105\/revisions\/72108"}],"wp:attachment":[{"href":"https:\/\/lospoliticosveracruz.com.mx\/index.php?rest_route=%2Fwp%2Fv2%2Fmedia&parent=72105"}],"wp:term":[{"taxonomy":"category","embeddable":true,"href":"https:\/\/lospoliticosveracruz.com.mx\/index.php?rest_route=%2Fwp%2Fv2%2Fcategories&post=72105"},{"taxonomy":"post_tag","embeddable":true,"href":"https:\/\/lospoliticosveracruz.com.mx\/index.php?rest_route=%2Fwp%2Fv2%2Ftags&post=72105"}],"curies":[{"name":"wp","href":"https:\/\/api.w.org\/{rel}","templated":true}]}}