{"id":72125,"date":"2021-05-05T21:59:39","date_gmt":"2021-05-06T02:59:39","guid":{"rendered":"http:\/\/www.lospoliticosveracruz.com.mx\/?p=72125"},"modified":"2021-05-05T21:59:42","modified_gmt":"2021-05-06T02:59:42","slug":"que-veracruz-sea-parte-de-la-transformacion-diana-santiago","status":"publish","type":"post","link":"https:\/\/lospoliticosveracruz.com.mx\/?p=72125","title":{"rendered":"Que Veracruz sea parte de la Transformaci\u00f3n: Diana Santiago"},"content":{"rendered":"\n<p><strong>Veracruz<\/strong><br>\u00abExiste un clamor de ayuda y atenci\u00f3n por parte de la ciudadan\u00eda que no puede ser aplazado ni permitido ya, sabemos que son muchas las necesidades pero sabemos que podemos lograr que nuestro municipio sea parte de la transformaci\u00f3n que vive M\u00e9xico\u00bb, asegur\u00f3 la candidata a la diputaci\u00f3n local por el distrito XV, Diana Santiago Huesca.<br>En su segundo d\u00eda de campa\u00f1a, la candidata por la coalici\u00f3n \u00abJuntos Haremos Historia en Veracruz\u00bb, visit\u00f3 casa por casa de las calles Aconcahua, Iztaccihuatl, Paricut\u00edn, Nevado de Toluca entre otras m\u00e1s de las colonias Los Volcanes y en la Unidad Habitacional El Coyol, recorrieron las calles Laguna del Coyol, Rosario, Mandinga y gran parte de JB Lobos.<br>Donde adem\u00e1s de invitar a participar en las elecciones del seis de junio, exhortaba a la gente a reflexionar sobre la importancia de escoger representantes que se encuentren listos para servir con honestidad y el compromiso que merece el puerto jarocho.<br>Agreg\u00f3 que durante mucho tiempo el municipio de Veracruz ha permanecido en la opacidad por parte de sus representantes locales para resolver las problem\u00e1ticas m\u00e1s sentidas como lo son los servicios de agua, drenaje, alumbrado p\u00fablico, pavimentaci\u00f3n, as\u00ed como espacios dignos para su desarrollo f\u00edsico, cultural y social.<br>\u00abEs imperdonable no tener empat\u00eda para atender las grandes necesidades de nuestra ciudad, queremos contar con el apoyo de la poblaci\u00f3n para brindarles una representaci\u00f3n digna que vele verdaderamente por los intereses de los m\u00e1s necesitados, cada historia que escuchamos es desgarradora, y eso me compromete m\u00e1s a luchar cada d\u00eda para hacer valer los derechos de los veracruzanos\u00bb, puntualiz\u00f3 la maestra Diana Santiago.<br>La candidata a la diputaci\u00f3n local del distrito XV de la alianza de Morena, Partido del Trabajo y del Verde Ecologista, se comprometi\u00f3 en cada hogar a gestionar por las necesidades que m\u00e1s urgen, entre las que destacan los apoyos a madres solteras, as\u00ed como el impulso para que los j\u00f3venes reci\u00e9n egresados encuentren oportunidades para tener empleo y desarrollarse plenamente en lo que se han preparado.<br>Tambi\u00e9n, a promover la capacitaci\u00f3n y el emprendimiento, aspectos que reactivar\u00e1n de manera inmediata la econom\u00eda de las familias y de toda la ciudad, que derivado de la contingencia sanitaria, afect\u00f3 a miles de personas con el cierre de establecimientos, sobre todo en los peque\u00f1os negocios, los cuales deber\u00e1n ser apoyados con una estrategia crediticia y de auto sustentabilidad, para garantizar su permanencia en el mercado.<br>\u00abSon varias las situaciones que debemos atender y gestionar para nuestro Veracruz, pero en Diana Santiago encontrar\u00e1n la mejor aliada para ser escuchados y sobre todo ser atendidos en lo que considero es un deber de todos aquellos que buscamos servir a quienes m\u00e1s lo necesitan y ya no permitir que se sigan sirviendo unos cuantos\u00bb, afirm\u00f3 la candidata.<\/p>\n","protected":false},"excerpt":{"rendered":"<p>Veracruz\u00abExiste un clamor de ayuda y atenci\u00f3n por parte de la ciudadan\u00eda que no puede ser aplazado ni permitido ya, sabemos que son muchas las necesidades pero sabemos que podemos lograr que nuestro municipio sea parte de la transformaci\u00f3n que vive M\u00e9xico\u00bb, asegur\u00f3 la candidata a la diputaci\u00f3n local por el distrito XV, Diana Santiago [&hellip;]<\/p>\n","protected":false},"author":2,"featured_media":0,"comment_status":"closed","ping_status":"closed","sticky":false,"template":"","format":"standard","meta":{"_jetpack_newsletter_access":"","_jetpack_dont_email_post_to_subs":false,"_jetpack_newsletter_tier_id":0,"_jetpack_memberships_contains_paywalled_content":false,"_jetpack_memberships_contains_paid_content":false,"footnotes":""},"categories":[73],"tags":[240,2137,25942,195],"class_list":["post-72125","post","type-post","status-publish","format-standard","hentry","category-de-boleto","tag-diana-santiago-huesca","tag-distrito-xv","tag-emprendimiento","tag-veracruz"],"jetpack_featured_media_url":"","jetpack_sharing_enabled":true,"jetpack_shortlink":"https:\/\/wp.me\/p4Qcd3-iLj","_links":{"self":[{"href":"https:\/\/lospoliticosveracruz.com.mx\/index.php?rest_route=\/wp\/v2\/posts\/72125","targetHints":{"allow":["GET"]}}],"collection":[{"href":"https:\/\/lospoliticosveracruz.com.mx\/index.php?rest_route=\/wp\/v2\/posts"}],"about":[{"href":"https:\/\/lospoliticosveracruz.com.mx\/index.php?rest_route=\/wp\/v2\/types\/post"}],"author":[{"embeddable":true,"href":"https:\/\/lospoliticosveracruz.com.mx\/index.php?rest_route=\/wp\/v2\/users\/2"}],"replies":[{"embeddable":true,"href":"https:\/\/lospoliticosveracruz.com.mx\/index.php?rest_route=%2Fwp%2Fv2%2Fcomments&post=72125"}],"version-history":[{"count":1,"href":"https:\/\/lospoliticosveracruz.com.mx\/index.php?rest_route=\/wp\/v2\/posts\/72125\/revisions"}],"predecessor-version":[{"id":72127,"href":"https:\/\/lospoliticosveracruz.com.mx\/index.php?rest_route=\/wp\/v2\/posts\/72125\/revisions\/72127"}],"wp:attachment":[{"href":"https:\/\/lospoliticosveracruz.com.mx\/index.php?rest_route=%2Fwp%2Fv2%2Fmedia&parent=72125"}],"wp:term":[{"taxonomy":"category","embeddable":true,"href":"https:\/\/lospoliticosveracruz.com.mx\/index.php?rest_route=%2Fwp%2Fv2%2Fcategories&post=72125"},{"taxonomy":"post_tag","embeddable":true,"href":"https:\/\/lospoliticosveracruz.com.mx\/index.php?rest_route=%2Fwp%2Fv2%2Ftags&post=72125"}],"curies":[{"name":"wp","href":"https:\/\/api.w.org\/{rel}","templated":true}]}}