{"id":72246,"date":"2021-05-06T23:18:11","date_gmt":"2021-05-07T04:18:11","guid":{"rendered":"http:\/\/www.lospoliticosveracruz.com.mx\/?p=72246"},"modified":"2021-05-06T23:18:15","modified_gmt":"2021-05-07T04:18:15","slug":"celebran-el-dia-del-panamericanismo","status":"publish","type":"post","link":"https:\/\/lospoliticosveracruz.com.mx\/?p=72246","title":{"rendered":"Celebran el D\u00eda del Panamericanismo"},"content":{"rendered":"\n<p><\/p>\n\n\n\n<p><strong>Coatepec<\/strong><br>La Mesa Redonda Panamericana de Coatepec (MRP), dirigida por Luz Mar\u00eda S\u00e1nchez de Andrade, organiz\u00f3 la ceremonia del D\u00eda de las Am\u00e9ricas, que se celebra el 14 de abril con la finalidad de resaltar los ideales de paz y hermandad que existen entre las naciones de Am\u00e9rica.<br>En esa b\u00fasqueda de estrechar las relaciones y coordinando acciones, la conferencista fue la socia Sandra Lindo Simon\u00edn, donde al finalizar fue felicitada por su exposici\u00f3n.<br>Cabe resaltar la presencia de la presidenta nacional, Mar\u00eda Elena Mu\u00f1oz y distinguidas integrantes de la MRP, socia Mar\u00eda Teresa Mendoza, coordinadora Zona IIA; Mar\u00eda del Carmen Guzm\u00e1n, procoordinadora Zona IIA; Mar\u00eda Dolores Rivera del Consejo Consultivo, y la presencia de directoras, Rosal\u00eda Gallardo de Teziutl\u00e1n; Leticia Tenorio de San Andr\u00e9s Tuxtla; Yolanda Gonz\u00e1lez de Xalapa; Diana Medina de Monterrey.<br>\u201cFue un gran honor su presencia virtual por lo cual nos sentimos muy honradas\u201d, se destac\u00f3 en el evento.<br>La conducci\u00f3n del programa estuvo a cargo de la socia Elvia Lara; la oraci\u00f3n y lema por la socia Eva Meza de Mateu.<br>Cabe aclarar que este evento fue virtual con la misma solemnidad que caracteriza a esta gran Asociaci\u00f3n.<br>La clausura estuvo a cargo de la presidenta nacional de las Mesas Redondas Panamericanas, Mar\u00eda Elena Mu\u00f1oz de Flores, socia distinguida que engalana cada evento donde se presenta.<br>Nuestro reconocimiento y felicitaci\u00f3n a su directora, Luz Mar\u00eda S\u00e1nchez de Andrade por su gran liderazgo.<\/p>\n","protected":false},"excerpt":{"rendered":"<p>CoatepecLa Mesa Redonda Panamericana de Coatepec (MRP), dirigida por Luz Mar\u00eda S\u00e1nchez de Andrade, organiz\u00f3 la ceremonia del D\u00eda de las Am\u00e9ricas, que se celebra el 14 de abril con la finalidad de resaltar los ideales de paz y hermandad que existen entre las naciones de Am\u00e9rica.En esa b\u00fasqueda de estrechar las relaciones y coordinando [&hellip;]<\/p>\n","protected":false},"author":2,"featured_media":0,"comment_status":"closed","ping_status":"closed","sticky":false,"template":"","format":"standard","meta":{"_jetpack_newsletter_access":"","_jetpack_dont_email_post_to_subs":false,"_jetpack_newsletter_tier_id":0,"_jetpack_memberships_contains_paywalled_content":false,"_jetpack_memberships_contains_paid_content":false,"footnotes":""},"categories":[73],"tags":[27802,27805,27807,27803,27804,27801,27800,27806,24208],"class_list":["post-72246","post","type-post","status-publish","format-standard","hentry","category-de-boleto","tag-luz-maria-sanchez-de-andrade","tag-maria-del-carmen-guzman","tag-maria-dolores-rivera","tag-maria-elena-munoz","tag-maria-teresa-mendoza","tag-mesa-redonda-panamericana-de-coatepec","tag-mrp","tag-rosalia-gallardo-de-teziutlan","tag-sandra-lindo-simonin"],"jetpack_featured_media_url":"","jetpack_sharing_enabled":true,"jetpack_shortlink":"https:\/\/wp.me\/p4Qcd3-iNg","_links":{"self":[{"href":"https:\/\/lospoliticosveracruz.com.mx\/index.php?rest_route=\/wp\/v2\/posts\/72246","targetHints":{"allow":["GET"]}}],"collection":[{"href":"https:\/\/lospoliticosveracruz.com.mx\/index.php?rest_route=\/wp\/v2\/posts"}],"about":[{"href":"https:\/\/lospoliticosveracruz.com.mx\/index.php?rest_route=\/wp\/v2\/types\/post"}],"author":[{"embeddable":true,"href":"https:\/\/lospoliticosveracruz.com.mx\/index.php?rest_route=\/wp\/v2\/users\/2"}],"replies":[{"embeddable":true,"href":"https:\/\/lospoliticosveracruz.com.mx\/index.php?rest_route=%2Fwp%2Fv2%2Fcomments&post=72246"}],"version-history":[{"count":1,"href":"https:\/\/lospoliticosveracruz.com.mx\/index.php?rest_route=\/wp\/v2\/posts\/72246\/revisions"}],"predecessor-version":[{"id":72247,"href":"https:\/\/lospoliticosveracruz.com.mx\/index.php?rest_route=\/wp\/v2\/posts\/72246\/revisions\/72247"}],"wp:attachment":[{"href":"https:\/\/lospoliticosveracruz.com.mx\/index.php?rest_route=%2Fwp%2Fv2%2Fmedia&parent=72246"}],"wp:term":[{"taxonomy":"category","embeddable":true,"href":"https:\/\/lospoliticosveracruz.com.mx\/index.php?rest_route=%2Fwp%2Fv2%2Fcategories&post=72246"},{"taxonomy":"post_tag","embeddable":true,"href":"https:\/\/lospoliticosveracruz.com.mx\/index.php?rest_route=%2Fwp%2Fv2%2Ftags&post=72246"}],"curies":[{"name":"wp","href":"https:\/\/api.w.org\/{rel}","templated":true}]}}