{"id":72338,"date":"2021-05-08T15:27:14","date_gmt":"2021-05-08T20:27:14","guid":{"rendered":"http:\/\/www.lospoliticosveracruz.com.mx\/?p=72338"},"modified":"2021-05-08T15:27:17","modified_gmt":"2021-05-08T20:27:17","slug":"veracruz-valiente-por-aguantar-a-la-4t-prd","status":"publish","type":"post","link":"https:\/\/lospoliticosveracruz.com.mx\/?p=72338","title":{"rendered":"Veracruz, valiente por aguantar a la 4T: PRD"},"content":{"rendered":"\n<p><em>Tilapan, San Andr\u00e9s Tuxtla<\/em><br>La fuerza de la alianza Va por Veracruz y Va por M\u00e9xico se acomoda y en el trabajo diario se fortalece, para que en junio pr\u00f3ximo ambos, M\u00e9xico y Veracruz vivan uno de los cambios hist\u00f3ricos con mayor trascendencia para la vida de las familias, lo que le garantizar\u00e1 un futuro lleno de oportunidades para todas y todos, afirm\u00f3. Sergio Cadena Mart\u00ednez, presidente del PRD en Veracruz.<\/p>\n\n\n\n<p>En gira de trabajo por el municipio de San Andr\u00e9s Tuxtla, donde camin\u00f3 junto a los candidatos a la diputaci\u00f3n federal, Mario Amoros, a la diputaci\u00f3n local, el doctor Rayas y el candidato a la alcald\u00eda, Manuel Rosendo Pelayo por comunidades como Tilapan, Cadena Mart\u00ednez destac\u00f3 la fuerza, el coraje y la val\u00eda de las y los veracruzanos que enfrentan con orgullo y dignidad, pero sobre todo con trabajo los complicados tiempos econ\u00f3micos que enfrentan.<\/p>\n\n\n\n<p>\u201cArrancamos la campa\u00f1a rumbo a las elecciones del 6 de junio con un PRD vigoroso, que esta vivo, que no baja la guardia; Hemos recorrido intensamente el estado, con todos los grupos sociales, obteniendo una respuesta extraordinaria\u201d, apunt\u00f3.<\/p>\n\n\n\n<p>El dirigente del Partido del Sol Azteca record\u00f3 el mensaje que el d\u00eda de ayer dej\u00f3 a las familias de la entidad el l\u00edder nacional del PRD, Jes\u00fas Zambrano Grijalva, de aliento, trabajo y unidad con las y los hermanos veracruzanos de las otras fuerzas pol\u00edticas aliadas, como lo son el PRI y del PAN, \u201clo cual nos permite ver m\u00e1s all\u00e1 de siglas y colores, para ponderar el rescate del estado y del pa\u00eds\u201d, lo que garantizar\u00e1 -afirm\u00f3- el triunfo de los candidatos de la alianza.<\/p>\n\n\n\n<p>En est\u00e1 gira de trabajo, Jes\u00fas Zambrano y la direcci\u00f3n estatal convivi\u00f3 con militantes y simpatizantes de las regiones de Poza Rica, Tuxpan, Tihuatl\u00e1n, San Rafael, Papantla, Gutierrez Zamora, d\u00f3nde miles de ciudadanos y simpatizantes le manifestaron su apoyo, as\u00ed como a los candidatos de la alianza Va por Veracruz y a los del PRD.<\/p>\n\n\n\n<p>\u201cEl pr\u00f3ximo 6 de junio, con nuestro voto vamos a recordarle a los que hoy gobiernan, los muertos, los desempleados, los comerciantes, empresarios que tuvieron que cerrar las cortinas de sus negocios, porque no hubo quien les ayudara aguantar este desplome de la econom\u00eda, el gobierno los hizo a un lado. Caminemos, hagamos reflexionar al ciudadano, esta alianza es la ganadora, vamos a recuperar Veracruz\u201d, finaliz\u00f3.<\/p>\n","protected":false},"excerpt":{"rendered":"<p>Tilapan, San Andr\u00e9s TuxtlaLa fuerza de la alianza Va por Veracruz y Va por M\u00e9xico se acomoda y en el trabajo diario se fortalece, para que en junio pr\u00f3ximo ambos, M\u00e9xico y Veracruz vivan uno de los cambios hist\u00f3ricos con mayor trascendencia para la vida de las familias, lo que le garantizar\u00e1 un futuro lleno [&hellip;]<\/p>\n","protected":false},"author":2,"featured_media":0,"comment_status":"closed","ping_status":"closed","sticky":false,"template":"","format":"standard","meta":{"_jetpack_newsletter_access":"","_jetpack_dont_email_post_to_subs":false,"_jetpack_newsletter_tier_id":0,"_jetpack_memberships_contains_paywalled_content":false,"_jetpack_memberships_contains_paid_content":false,"footnotes":""},"categories":[73],"tags":[290,27835,107,122,7887,24697,25054,195],"class_list":["post-72338","post","type-post","status-publish","format-standard","hentry","category-de-boleto","tag-manuel-rosendo-pelayo","tag-mario-amoros","tag-prd","tag-san-andres-tuxtla","tag-sergio-cadena-martinez","tag-va-por-mexico","tag-va-por-veracruz","tag-veracruz"],"jetpack_featured_media_url":"","jetpack_sharing_enabled":true,"jetpack_shortlink":"https:\/\/wp.me\/p4Qcd3-iOK","_links":{"self":[{"href":"https:\/\/lospoliticosveracruz.com.mx\/index.php?rest_route=\/wp\/v2\/posts\/72338","targetHints":{"allow":["GET"]}}],"collection":[{"href":"https:\/\/lospoliticosveracruz.com.mx\/index.php?rest_route=\/wp\/v2\/posts"}],"about":[{"href":"https:\/\/lospoliticosveracruz.com.mx\/index.php?rest_route=\/wp\/v2\/types\/post"}],"author":[{"embeddable":true,"href":"https:\/\/lospoliticosveracruz.com.mx\/index.php?rest_route=\/wp\/v2\/users\/2"}],"replies":[{"embeddable":true,"href":"https:\/\/lospoliticosveracruz.com.mx\/index.php?rest_route=%2Fwp%2Fv2%2Fcomments&post=72338"}],"version-history":[{"count":1,"href":"https:\/\/lospoliticosveracruz.com.mx\/index.php?rest_route=\/wp\/v2\/posts\/72338\/revisions"}],"predecessor-version":[{"id":72340,"href":"https:\/\/lospoliticosveracruz.com.mx\/index.php?rest_route=\/wp\/v2\/posts\/72338\/revisions\/72340"}],"wp:attachment":[{"href":"https:\/\/lospoliticosveracruz.com.mx\/index.php?rest_route=%2Fwp%2Fv2%2Fmedia&parent=72338"}],"wp:term":[{"taxonomy":"category","embeddable":true,"href":"https:\/\/lospoliticosveracruz.com.mx\/index.php?rest_route=%2Fwp%2Fv2%2Fcategories&post=72338"},{"taxonomy":"post_tag","embeddable":true,"href":"https:\/\/lospoliticosveracruz.com.mx\/index.php?rest_route=%2Fwp%2Fv2%2Ftags&post=72338"}],"curies":[{"name":"wp","href":"https:\/\/api.w.org\/{rel}","templated":true}]}}