{"id":72447,"date":"2021-05-09T20:27:30","date_gmt":"2021-05-10T01:27:30","guid":{"rendered":"http:\/\/www.lospoliticosveracruz.com.mx\/?p=72447"},"modified":"2021-05-09T20:27:35","modified_gmt":"2021-05-10T01:27:35","slug":"el-futuro-de-nuestros-hijos-en-juego-cadena","status":"publish","type":"post","link":"https:\/\/lospoliticosveracruz.com.mx\/?p=72447","title":{"rendered":"El futuro de nuestros hijos, en juego: Cadena"},"content":{"rendered":"\n<p><strong>Juchique de Ferrer<br><\/strong>El plan de hermandad, de progreso y de seguridad en que se basa la alianza \u201cVa por M\u00e9xico\u201d est\u00e1 y estar\u00e1 respaldado por los pr\u00f3ximos legisladores locales y federales de este bloque opositor, quienes ya se han comprometido con la ciudadan\u00eda con propuestas s\u00f3lidas y bien pensadas, se\u00f1al\u00f3 Sergio Cadena Mart\u00ednez, Presidente del PRD estatal.<\/p>\n\n\n\n<div class=\"wp-block-image\"><figure class=\"alignleft size-large is-resized\"><a href=\"http:\/\/www.lospoliticosveracruz.com.mx\/wp-content\/uploads\/2021\/05\/Tecajetes.jpeg\"><img loading=\"lazy\" decoding=\"async\" src=\"http:\/\/www.lospoliticosveracruz.com.mx\/wp-content\/uploads\/2021\/05\/Tecajetes.jpeg\" alt=\"\" class=\"wp-image-72385\" width=\"300\" height=\"350\"\/><\/a><\/figure><\/div>\n\n\n\n<p><br>En Misantla, junto a los dirigentes del Partido Revolucionario Institucional y Partido Acci\u00f3n Nacional, Marlon Ram\u00edrez y Joaqu\u00edn Guzm\u00e1n, respectivamente, respaldaron el trabajo de los candidatos que integran las alianzas \u201cVa por M\u00e9xico\u201d y \u201cVa por Veracruz\u201d para renovar las c\u00e1maras local y federal as\u00ed como distintas cabeceras municipales.<br>\u201cEs importante que salgamos a votar, hay que platicar con nuestras amistades, con nuestros vecinos, con nuestros amigos, porque lo que se juega el 6 de junio va m\u00e1s all\u00e1 de un cargo de elecci\u00f3n popular; se juega el futuro de sus hijas y de sus hijos y tenemos que acabar, con decisi\u00f3n y con determinaci\u00f3n, con los gobiernos ineptos que no sirven para nada, vamos a derrotar a Morena\u201d, apunt\u00f3.<br>Cadena Mart\u00ednez encabez\u00f3 encuentros con ciudadanas y ciudadanos, quienes con deseos de expresarse, decidieron organizarse para marchar por las principales calles de los municipios de Juchique de Ferrer, Misantla, Colipa y Yecuatla, logrando concentraciones donde las muestras de simpat\u00eda fueron constantes, pidiendo al mismo tiempo unidad para derrotar en las urnas al partido oficial.<br>\u201cEstamos coordinados, echados para adelante, hemos iniciado un hist\u00f3rico proceso de cambio que ya nadie para, y que en breve lograremos que genere beneficios para la entidad, eso es lo que los tiene aterrados (a Morena)\u201d, detall\u00f3.<br>Presentes los candidatos de la alianza \u201cVa por M\u00e9xico\u201d y \u201cVa por Veracruz\u201d, Adolfo Mota Hern\u00e1ndez, Daniel Portilla y Oth\u00f3n Hern\u00e1ndez Candanedo, quienes ofrecieron coordinaci\u00f3n en sus funciones para beneficio de la regi\u00f3n de la zona centro de la entidad.<\/p>\n","protected":false},"excerpt":{"rendered":"<p>Juchique de FerrerEl plan de hermandad, de progreso y de seguridad en que se basa la alianza \u201cVa por M\u00e9xico\u201d est\u00e1 y estar\u00e1 respaldado por los pr\u00f3ximos legisladores locales y federales de este bloque opositor, quienes ya se han comprometido con la ciudadan\u00eda con propuestas s\u00f3lidas y bien pensadas, se\u00f1al\u00f3 Sergio Cadena Mart\u00ednez, Presidente del [&hellip;]<\/p>\n","protected":false},"author":2,"featured_media":0,"comment_status":"closed","ping_status":"closed","sticky":false,"template":"","format":"standard","meta":{"_jetpack_newsletter_access":"","_jetpack_dont_email_post_to_subs":false,"_jetpack_newsletter_tier_id":0,"_jetpack_memberships_contains_paywalled_content":false,"_jetpack_memberships_contains_paid_content":false,"footnotes":""},"categories":[73],"tags":[3072,1706,201,107,7887,24697,25054],"class_list":["post-72447","post","type-post","status-publish","format-standard","hentry","category-de-boleto","tag-joaquin-guzman","tag-marlon-ramirez","tag-misantla","tag-prd","tag-sergio-cadena-martinez","tag-va-por-mexico","tag-va-por-veracruz"],"jetpack_featured_media_url":"","jetpack_sharing_enabled":true,"jetpack_shortlink":"https:\/\/wp.me\/p4Qcd3-iQv","_links":{"self":[{"href":"https:\/\/lospoliticosveracruz.com.mx\/index.php?rest_route=\/wp\/v2\/posts\/72447","targetHints":{"allow":["GET"]}}],"collection":[{"href":"https:\/\/lospoliticosveracruz.com.mx\/index.php?rest_route=\/wp\/v2\/posts"}],"about":[{"href":"https:\/\/lospoliticosveracruz.com.mx\/index.php?rest_route=\/wp\/v2\/types\/post"}],"author":[{"embeddable":true,"href":"https:\/\/lospoliticosveracruz.com.mx\/index.php?rest_route=\/wp\/v2\/users\/2"}],"replies":[{"embeddable":true,"href":"https:\/\/lospoliticosveracruz.com.mx\/index.php?rest_route=%2Fwp%2Fv2%2Fcomments&post=72447"}],"version-history":[{"count":1,"href":"https:\/\/lospoliticosveracruz.com.mx\/index.php?rest_route=\/wp\/v2\/posts\/72447\/revisions"}],"predecessor-version":[{"id":72449,"href":"https:\/\/lospoliticosveracruz.com.mx\/index.php?rest_route=\/wp\/v2\/posts\/72447\/revisions\/72449"}],"wp:attachment":[{"href":"https:\/\/lospoliticosveracruz.com.mx\/index.php?rest_route=%2Fwp%2Fv2%2Fmedia&parent=72447"}],"wp:term":[{"taxonomy":"category","embeddable":true,"href":"https:\/\/lospoliticosveracruz.com.mx\/index.php?rest_route=%2Fwp%2Fv2%2Fcategories&post=72447"},{"taxonomy":"post_tag","embeddable":true,"href":"https:\/\/lospoliticosveracruz.com.mx\/index.php?rest_route=%2Fwp%2Fv2%2Ftags&post=72447"}],"curies":[{"name":"wp","href":"https:\/\/api.w.org\/{rel}","templated":true}]}}