{"id":72555,"date":"2021-05-11T09:00:33","date_gmt":"2021-05-11T14:00:33","guid":{"rendered":"http:\/\/www.lospoliticosveracruz.com.mx\/?p=72555"},"modified":"2021-05-11T09:00:37","modified_gmt":"2021-05-11T14:00:37","slug":"y-fernando-yunes","status":"publish","type":"post","link":"https:\/\/lospoliticosveracruz.com.mx\/?p=72555","title":{"rendered":"\u00bfY Fernando Yunes?"},"content":{"rendered":"\n<p><strong>Sergio Gonz\u00e1lez Levet<\/strong><br><em>Sin tacto<\/em><\/p>\n\n\n\n<p>Lo digo porque me consta, aunque sin careo:\u00a0un miembro\u00a0prominente\u00a0en la estructura de cierto partido en Veracruz se avent\u00f3 la puntada de solicitar\u00a0a sus cong\u00e9neres que\u00a0hicieran\u00a0una demanda legal en contra del Presidente Municipal de Veracruz, Fernando Yunes M\u00e1rquez, por \u201cactos anticipad\u00edsimos de campa\u00f1a\u201d.<\/p>\n\n\n\n<p>\u200bEn la opini\u00f3n de ese grillo izquierdoso, el mun\u00edcipe hab\u00eda hecho una excelente labor al frente del Ayuntamiento jarocho y ello&nbsp;seguramente&nbsp;le arrimar\u00e1muchos votos&nbsp;favorables&nbsp;a su hermano Miguel \u00c1ngel, candidato de la coalici\u00f3n Vamos por Veracruz para sucederlo en el puesto.<\/p>\n\n\n\n<p>\u200bSi hubiera prosperado&nbsp;esa idea entre los miembros del partido de marras, nos habr\u00edamos colocado por primera vez en la historia&nbsp;en el caso de&nbsp;que se pretend\u00eda castigar a un funcionario&nbsp;por hacer&nbsp;bien su responsabilidad p\u00fablica.<\/p>\n\n\n\n<p>\u200bPero en aquel partido est\u00e1n muy desesperados porque no les han resultado bien las cosas electorales, y quieren ganar a costa de lo que sea, como con esa estramb\u00f3tica demanda.<\/p>\n\n\n\n<p>\u200bEst\u00e1 bien que la cannabis est\u00e1 a punto de ser legalizada para su uso recreativo en M\u00e9xico, pero&nbsp;no es como para que algunos dejen que sus humos les lleven a exponer tales jaladas.<\/p>\n\n\n\n<p>\u200bAparte de esta an\u00e9cdota, no son pocos&nbsp;los que se preguntan qu\u00e9 ir\u00e1&nbsp;a ser de la carrera pol\u00edtica de Fernando Yunes, una vez que entregue la silla municipal a su hermano el 1\u00ba de enero de 2022. Al respecto,&nbsp;circulan varias posibilidades:<\/p>\n\n\n\n<p>\u200b1. Que se retirar\u00e1&nbsp;de la vida p\u00fablica&nbsp;una temporada, para descansar y dejar el espacio a su fraternal sucesor, y regresar\u00e1 a aportar en los negocios familiares.<\/p>\n\n\n\n<p>\u200b2. Que se integrar\u00e1 al Partido Acci\u00f3n nacional en funciones de dirigencia estatal, a fin&nbsp;de continuar con su proyecto particular, que tiene un rumbo definido hacia la&nbsp;candidatura a Gobernador, en una oportunidad ganada a&nbsp;pulso por sus relevantes actuaciones como diputado&nbsp;local, senador&nbsp;y presidente municipal.<\/p>\n\n\n\n<p>\u200b3. Que formar\u00e1 una agrupaci\u00f3n pol\u00edtica estatal,con el objetivo de convertirse en un referente&nbsp;electoralque deba ser tomado en cuenta por los partidos de oposici\u00f3n, a la hora de formular a los posibles candidatos a la gubernatura de 2024.<\/p>\n\n\n\n<p>\u200b4. Que se dedicar\u00e1 a apoyar la aspiraci\u00f3n de su hermano mayor para que sea nuevamente candidato de Acci\u00f3n Nacional (y muy probablemente de otros partidos coalicionados)&nbsp;en la lucha por la silla grande de Veracruz dentro de tres a\u00f1os.<\/p>\n\n\n\n<p>\u200bLo cierto es que Fernando Yunes M\u00e1rquez trae una fuerza propia que, sumada a la de su familia, lo convierte en una pieza importante dentro del juego de la sucesi\u00f3n estatal.<\/p>\n\n\n\n<p>\u200bYa como exalcalde, no estar\u00e1 mucho tiempo en la sombra, y lo veremos actuando a todo vapor apenas se empiecen a mover las aguas sucesorias en la entidad.<\/p>\n\n\n\n<p>\u200bEso s\u00ed, sea lo que sea que haga, tendremos Fernando para rato. Lo trae en la sangre.<\/p>\n\n\n\n<p><a href=\"mailto:sglevet@gmail.com\">sglevet@gmail.com<\/a><\/p>\n","protected":false},"excerpt":{"rendered":"<p>Sergio Gonz\u00e1lez LevetSin tacto Lo digo porque me consta, aunque sin careo:\u00a0un miembro\u00a0prominente\u00a0en la estructura de cierto partido en Veracruz se avent\u00f3 la puntada de solicitar\u00a0a sus cong\u00e9neres que\u00a0hicieran\u00a0una demanda legal en contra del Presidente Municipal de Veracruz, Fernando Yunes M\u00e1rquez, por \u201cactos anticipad\u00edsimos de campa\u00f1a\u201d. \u200bEn la opini\u00f3n de ese grillo izquierdoso, el mun\u00edcipe [&hellip;]<\/p>\n","protected":false},"author":2,"featured_media":0,"comment_status":"closed","ping_status":"closed","sticky":false,"template":"","format":"standard","meta":{"_jetpack_newsletter_access":"","_jetpack_dont_email_post_to_subs":false,"_jetpack_newsletter_tier_id":0,"_jetpack_memberships_contains_paywalled_content":false,"_jetpack_memberships_contains_paid_content":false,"footnotes":""},"categories":[70],"tags":[818,266],"class_list":["post-72555","post","type-post","status-publish","format-standard","hentry","category-de-opinion","tag-fernando-yunes-marquez","tag-pan"],"jetpack_featured_media_url":"","jetpack_sharing_enabled":true,"jetpack_shortlink":"https:\/\/wp.me\/p4Qcd3-iSf","_links":{"self":[{"href":"https:\/\/lospoliticosveracruz.com.mx\/index.php?rest_route=\/wp\/v2\/posts\/72555","targetHints":{"allow":["GET"]}}],"collection":[{"href":"https:\/\/lospoliticosveracruz.com.mx\/index.php?rest_route=\/wp\/v2\/posts"}],"about":[{"href":"https:\/\/lospoliticosveracruz.com.mx\/index.php?rest_route=\/wp\/v2\/types\/post"}],"author":[{"embeddable":true,"href":"https:\/\/lospoliticosveracruz.com.mx\/index.php?rest_route=\/wp\/v2\/users\/2"}],"replies":[{"embeddable":true,"href":"https:\/\/lospoliticosveracruz.com.mx\/index.php?rest_route=%2Fwp%2Fv2%2Fcomments&post=72555"}],"version-history":[{"count":1,"href":"https:\/\/lospoliticosveracruz.com.mx\/index.php?rest_route=\/wp\/v2\/posts\/72555\/revisions"}],"predecessor-version":[{"id":72556,"href":"https:\/\/lospoliticosveracruz.com.mx\/index.php?rest_route=\/wp\/v2\/posts\/72555\/revisions\/72556"}],"wp:attachment":[{"href":"https:\/\/lospoliticosveracruz.com.mx\/index.php?rest_route=%2Fwp%2Fv2%2Fmedia&parent=72555"}],"wp:term":[{"taxonomy":"category","embeddable":true,"href":"https:\/\/lospoliticosveracruz.com.mx\/index.php?rest_route=%2Fwp%2Fv2%2Fcategories&post=72555"},{"taxonomy":"post_tag","embeddable":true,"href":"https:\/\/lospoliticosveracruz.com.mx\/index.php?rest_route=%2Fwp%2Fv2%2Ftags&post=72555"}],"curies":[{"name":"wp","href":"https:\/\/api.w.org\/{rel}","templated":true}]}}