{"id":72561,"date":"2021-05-11T09:40:38","date_gmt":"2021-05-11T14:40:38","guid":{"rendered":"http:\/\/www.lospoliticosveracruz.com.mx\/?p=72561"},"modified":"2021-05-11T09:40:43","modified_gmt":"2021-05-11T14:40:43","slug":"nanchital-se-pintara-morena-caron","status":"publish","type":"post","link":"https:\/\/lospoliticosveracruz.com.mx\/?p=72561","title":{"rendered":"Nanchital se pintar\u00e1 Morena: Car\u00f3n"},"content":{"rendered":"\n<p><strong>Nanchital<\/strong><br>El basti\u00f3n m\u00e1s fuerte de MORENA est\u00e1 a aqu\u00ed, en el Sur del Estado de Veracruz y Nanchital te puedo garantizar que se va a pintar de guinda, sostuvo el candidato a reelegirse como Diputado Local por el Principio de Representaci\u00f3n Proporcional, Juan Javier G\u00f3mez Cazar\u00edn.<br>\u00abLas encuestas y los n\u00fameros nos dicen que, nuestra candidata a la Presidencia Municipal, Esmeralda Mora Zamudio, va a ganar la elecci\u00f3n con diferencia del doble de votos respecto al candidato de la oposici\u00f3n\u00bb, adelant\u00f3 el l\u00edder de la JUCOPO en el Congreso de Veracruz.<br>G\u00f3mez Cazar\u00edn se\u00f1al\u00f3 que ya le toca un Gobierno morenista a Nanchital, porque se necesita que se hagan las cosas bien, como lo demanda la ciudadan\u00eda, con honradez, honestidad y austeridad.<br>\u00abConfiamos en nuestra compa\u00f1era Esmeralda, confiamos en nuestro proyecto de naci\u00f3n, se siente a la gente que expresa con mucha alegr\u00eda que ya es tiempo del cambio y est\u00e1n dispuestos a votar en favor de MORENA este pr\u00f3ximo 6 de junio\u00bb, declar\u00f3 el legislador.<br>Asegur\u00f3 que la ciudadan\u00eda marcar\u00e1 la boleta electoral \u00ab3 de 3\u00bb a favor de MORENA, por lo que, la Cuarta Transformaci\u00f3n arrasar\u00e1 en la Jornada del primer domingo de junio.<\/p>\n","protected":false},"excerpt":{"rendered":"<p>NanchitalEl basti\u00f3n m\u00e1s fuerte de MORENA est\u00e1 a aqu\u00ed, en el Sur del Estado de Veracruz y Nanchital te puedo garantizar que se va a pintar de guinda, sostuvo el candidato a reelegirse como Diputado Local por el Principio de Representaci\u00f3n Proporcional, Juan Javier G\u00f3mez Cazar\u00edn.\u00abLas encuestas y los n\u00fameros nos dicen que, nuestra candidata [&hellip;]<\/p>\n","protected":false},"author":2,"featured_media":0,"comment_status":"closed","ping_status":"closed","sticky":false,"template":"","format":"standard","meta":{"_jetpack_newsletter_access":"","_jetpack_dont_email_post_to_subs":false,"_jetpack_newsletter_tier_id":0,"_jetpack_memberships_contains_paywalled_content":false,"_jetpack_memberships_contains_paid_content":false,"footnotes":""},"categories":[73],"tags":[10951,12695,9418,1026,374],"class_list":["post-72561","post","type-post","status-publish","format-standard","hentry","category-de-boleto","tag-esmeralda-mora-zamudio","tag-juan-javier-gomez-cazarin","tag-jucopo","tag-morena","tag-nanchital"],"jetpack_featured_media_url":"","jetpack_sharing_enabled":true,"jetpack_shortlink":"https:\/\/wp.me\/p4Qcd3-iSl","_links":{"self":[{"href":"https:\/\/lospoliticosveracruz.com.mx\/index.php?rest_route=\/wp\/v2\/posts\/72561","targetHints":{"allow":["GET"]}}],"collection":[{"href":"https:\/\/lospoliticosveracruz.com.mx\/index.php?rest_route=\/wp\/v2\/posts"}],"about":[{"href":"https:\/\/lospoliticosveracruz.com.mx\/index.php?rest_route=\/wp\/v2\/types\/post"}],"author":[{"embeddable":true,"href":"https:\/\/lospoliticosveracruz.com.mx\/index.php?rest_route=\/wp\/v2\/users\/2"}],"replies":[{"embeddable":true,"href":"https:\/\/lospoliticosveracruz.com.mx\/index.php?rest_route=%2Fwp%2Fv2%2Fcomments&post=72561"}],"version-history":[{"count":1,"href":"https:\/\/lospoliticosveracruz.com.mx\/index.php?rest_route=\/wp\/v2\/posts\/72561\/revisions"}],"predecessor-version":[{"id":72563,"href":"https:\/\/lospoliticosveracruz.com.mx\/index.php?rest_route=\/wp\/v2\/posts\/72561\/revisions\/72563"}],"wp:attachment":[{"href":"https:\/\/lospoliticosveracruz.com.mx\/index.php?rest_route=%2Fwp%2Fv2%2Fmedia&parent=72561"}],"wp:term":[{"taxonomy":"category","embeddable":true,"href":"https:\/\/lospoliticosveracruz.com.mx\/index.php?rest_route=%2Fwp%2Fv2%2Fcategories&post=72561"},{"taxonomy":"post_tag","embeddable":true,"href":"https:\/\/lospoliticosveracruz.com.mx\/index.php?rest_route=%2Fwp%2Fv2%2Ftags&post=72561"}],"curies":[{"name":"wp","href":"https:\/\/api.w.org\/{rel}","templated":true}]}}