{"id":72631,"date":"2021-05-11T18:47:05","date_gmt":"2021-05-11T23:47:05","guid":{"rendered":"http:\/\/www.lospoliticosveracruz.com.mx\/?p=72631"},"modified":"2021-05-11T18:47:08","modified_gmt":"2021-05-11T23:47:08","slug":"ni-comparsa-ni-levantadedos-huevo-arteaga","status":"publish","type":"post","link":"https:\/\/lospoliticosveracruz.com.mx\/?p=72631","title":{"rendered":"Ni comparsa ni levantadedos: Huevo Arteaga"},"content":{"rendered":"\n<p><strong>Veracruz<\/strong><br>\u201cJam\u00e1s ser\u00e9 comparsa ni levantadedos durante mi cargo de legislador\u201d, sostuvo Fernando Arteaga Aponte, candidato a la diputaci\u00f3n local por el Distrito 14 del municipio de Veracruz, postulado por la coalici\u00f3n \u201cJuntos Hacemos Historia\u201d, integrada por los partidos Morena-PVEM-PT.<\/p>\n\n\n\n<div class=\"wp-block-image\"><figure class=\"alignleft size-large\"><a href=\"http:\/\/www.lospoliticosveracruz.com.mx\/wp-content\/uploads\/2021\/05\/Batalla-Cordoba.jpeg\"><img decoding=\"async\" src=\"http:\/\/www.lospoliticosveracruz.com.mx\/wp-content\/uploads\/2021\/05\/Batalla-Cordoba.jpeg\" alt=\"\" class=\"wp-image-72571\"\/><\/a><\/figure><\/div>\n\n\n\n<p><br>Entrevistado al t\u00e9rmino de una reuni\u00f3n de trabajo que sostuvo con miembros de la Asociaci\u00f3n de Hoteles y Moteles de Veracruz, Arteaga Aponte dej\u00f3 en claro que la mejor forma de responderle a los ciudadanos que le dar\u00e1n su voto el pr\u00f3ximo 6 de junio, ser\u00e1 siendo un diputado comprometido con las causas sociales, sin caer en la demagogia ni en el sometimiento a determinados grupos de poder.<br>\u201cEn mi ejercicio p\u00fablico siempre he cumplido con mis compromisos para con la ciudadan\u00eda. Jam\u00e1s caer\u00e9 en actos de comparsa ni ser\u00e9 levantadedos en mi funci\u00f3n como diputado. Mi compromiso es con los electores, con mi gente, no con grupos de poder ni nada que se le parezca\u201d, expres\u00f3 el aspirante a una curul del congreso de Veracruz.<br>Agreg\u00f3 que su funci\u00f3n principal, adem\u00e1s de legislar, ser\u00e1 fiscalizar el manejo correcto de los recursos p\u00fablicos, los cuales siempre deben orientarse en programas de beneficio integral para los ciudadanos porte\u00f1os.<br>\u201cEstoy de acuerdo con aquellos ciudadanos que en mi caminar por las colonias se quejan de que los pol\u00edticos s\u00f3lo llegan a pedir el voto y despu\u00e9s que ganan ya nunca regresan y menos cumplen sus promesas de campa\u00f1a. Yo ser\u00e9 un diputado itinerante y cumplir\u00e9 cabalmente mis compromisos. Mi gente lo merece ante tanto olvido de las actuales autoridades\u201d, mencion\u00f3 finalmente.<br>Fernando Arteaga y un numeroso grupo de simpatizantes recorrieron este martes la comunidad El Pando, en donde fueron recibidos por cientos de ciudadanos que escucharon con atenci\u00f3n sus propuestas de campa\u00f1a.<\/p>\n","protected":false},"excerpt":{"rendered":"<p>Veracruz\u201cJam\u00e1s ser\u00e9 comparsa ni levantadedos durante mi cargo de legislador\u201d, sostuvo Fernando Arteaga Aponte, candidato a la diputaci\u00f3n local por el Distrito 14 del municipio de Veracruz, postulado por la coalici\u00f3n \u201cJuntos Hacemos Historia\u201d, integrada por los partidos Morena-PVEM-PT. Entrevistado al t\u00e9rmino de una reuni\u00f3n de trabajo que sostuvo con miembros de la Asociaci\u00f3n de [&hellip;]<\/p>\n","protected":false},"author":2,"featured_media":0,"comment_status":"closed","ping_status":"closed","sticky":false,"template":"","format":"standard","meta":{"_jetpack_newsletter_access":"","_jetpack_dont_email_post_to_subs":false,"_jetpack_newsletter_tier_id":0,"_jetpack_memberships_contains_paywalled_content":false,"_jetpack_memberships_contains_paid_content":false,"footnotes":""},"categories":[73],"tags":[1183,26116],"class_list":["post-72631","post","type-post","status-publish","format-standard","hentry","category-de-boleto","tag-fernando-arteaga-aponte","tag-morena-pvem-pt"],"jetpack_featured_media_url":"","jetpack_sharing_enabled":true,"jetpack_shortlink":"https:\/\/wp.me\/p4Qcd3-iTt","_links":{"self":[{"href":"https:\/\/lospoliticosveracruz.com.mx\/index.php?rest_route=\/wp\/v2\/posts\/72631","targetHints":{"allow":["GET"]}}],"collection":[{"href":"https:\/\/lospoliticosveracruz.com.mx\/index.php?rest_route=\/wp\/v2\/posts"}],"about":[{"href":"https:\/\/lospoliticosveracruz.com.mx\/index.php?rest_route=\/wp\/v2\/types\/post"}],"author":[{"embeddable":true,"href":"https:\/\/lospoliticosveracruz.com.mx\/index.php?rest_route=\/wp\/v2\/users\/2"}],"replies":[{"embeddable":true,"href":"https:\/\/lospoliticosveracruz.com.mx\/index.php?rest_route=%2Fwp%2Fv2%2Fcomments&post=72631"}],"version-history":[{"count":1,"href":"https:\/\/lospoliticosveracruz.com.mx\/index.php?rest_route=\/wp\/v2\/posts\/72631\/revisions"}],"predecessor-version":[{"id":72633,"href":"https:\/\/lospoliticosveracruz.com.mx\/index.php?rest_route=\/wp\/v2\/posts\/72631\/revisions\/72633"}],"wp:attachment":[{"href":"https:\/\/lospoliticosveracruz.com.mx\/index.php?rest_route=%2Fwp%2Fv2%2Fmedia&parent=72631"}],"wp:term":[{"taxonomy":"category","embeddable":true,"href":"https:\/\/lospoliticosveracruz.com.mx\/index.php?rest_route=%2Fwp%2Fv2%2Fcategories&post=72631"},{"taxonomy":"post_tag","embeddable":true,"href":"https:\/\/lospoliticosveracruz.com.mx\/index.php?rest_route=%2Fwp%2Fv2%2Ftags&post=72631"}],"curies":[{"name":"wp","href":"https:\/\/api.w.org\/{rel}","templated":true}]}}