{"id":72720,"date":"2021-05-12T16:57:57","date_gmt":"2021-05-12T21:57:57","guid":{"rendered":"http:\/\/www.lospoliticosveracruz.com.mx\/?p=72720"},"modified":"2021-05-13T11:36:58","modified_gmt":"2021-05-13T16:36:58","slug":"vienen-buenos-tiempos-para-alvarado-tavo","status":"publish","type":"post","link":"https:\/\/lospoliticosveracruz.com.mx\/?p=72720","title":{"rendered":"\u00a1Vienen buenos tiempos para Alvarado!: Tavo"},"content":{"rendered":"\n<p><strong>Alvarado<br><\/strong>\u201c\u00a1Vienen buenos tiempos para Alvarado!\u201d, afirm\u00f3 el candidato a la Presidencia Municipal de Alvarado por la alianza \u201cVeracruz va\u201d PAN-PRI-PRD, Tavo Ruiz, al realizar la presentaci\u00f3n de su Plan de Gobierno 2022 comprometi\u00e9ndose a retomar la ruta del desarrollo para devolver la plenitud y fortaleza de la econom\u00eda alvarade\u00f1a.<\/p>\n\n\n\n<div class=\"wp-block-image\"><figure class=\"alignleft size-large\"><a href=\"http:\/\/www.lospoliticosveracruz.com.mx\/wp-content\/uploads\/2021\/05\/Batalla-Cordoba.jpeg\"><img decoding=\"async\" src=\"http:\/\/www.lospoliticosveracruz.com.mx\/wp-content\/uploads\/2021\/05\/Batalla-Cordoba.jpeg\" alt=\"\" class=\"wp-image-72571\"\/><\/a><\/figure><\/div>\n\n\n\n<p>Tavo Ruiz se\u00f1al\u00f3 que la situaci\u00f3n actual en Alvarado, se ve golpeada por la falta de inversi\u00f3n, el desempleo, as\u00ed como el olvido de las autoridades municipales. \u201cEs por ello que mis propuestas van dirigidas a tiempos reales pero principalmente en mi firme intenci\u00f3n de abarcar las \u00e1reas de oportunidad que nos permitan devolver la plenitud y fortaleza de la econom\u00eda alvarade\u00f1a\u201d, reiter\u00f3.<\/p>\n\n\n\n<p>Afirm\u00f3 que cuando fue alcalde en Alvarado se desarroll\u00f3 la obra p\u00fablica m\u00e1s importante de la historia del municipio.<\/p>\n\n\n\n<p>Los ejes de sus propuestas de gobierno est\u00e1n enfocadas principalmente en la Obra P\u00fablica, el Empleo y la reactivaci\u00f3n Econ\u00f3mica y Tur\u00edstica, los Apoyos en la Agricultura, Ganader\u00eda y Pesca, y Desarrollo Social.<\/p>\n\n\n\n<p>\u201cQuiero ser nuevamente tu alcalde, pero quiero ganar tu voto con realidades y es por ello que te invito a que conozcas mis propuestas\u201d, manifest\u00f3 Tavo Ruiz.<\/p>\n\n\n\n<p><strong>OBRA P\u00daBLICA<\/strong><\/p>\n\n\n\n<p>\u201cEn 2022, desde el inicio de mi gobierno, mi programa de obra p\u00fablica estar\u00e1 enfocado en llevar a Alvarado por la ruta del desarrollo, por ello solucionaremos el rezago hist\u00f3rico de m\u00e1s de medio siglo en las redes de agua y drenaje de Alvarado, esto a trav\u00e9s de un Proyecto de Gran Visi\u00f3n que abarcar\u00e1 un Proyecto Multianual\u201d.<\/p>\n\n\n\n<p>Constituir\u00e9 el Programa Consultivo para la Determinaci\u00f3n de Obra P\u00fablica, formado por ciudadanos y profesionales alvarade\u00f1os.<\/p>\n\n\n\n<p>En Alvarado implementar\u00e9 un eficiente programa de Alumbrado P\u00fablico, Bacheo, Se\u00f1alizaci\u00f3n y Movilidad; tambi\u00e9n el Programa de Rehabilitaci\u00f3n de Banquetas y el Programa de Mantenimiento de Caminos Rurales.<\/p>\n\n\n\n<p>Lograr\u00e9 que antes de los primeros 100 d\u00edas de mi administraci\u00f3n se encuentren en funcionamiento todas las luminarias del servicio de alumbrado p\u00fablico municipal e instalar\u00e9 las que fueran necesarias, para brindar seguridad a la ciudadan\u00eda.<\/p>\n\n\n\n<p>Gestionar\u00e9 ante la Autoridad Federal con C.A.P.U.F.E, la construcci\u00f3n de otra v\u00eda de acceso de la carretera federal al centro hist\u00f3rico de nuestra cabecera municipal.<\/p>\n\n\n\n<p>Realizar\u00e9 la construcci\u00f3n del parques y unidades deportivas en congregaciones y colonias.<\/p>\n\n\n\n<p>Adem\u00e1s de gestionar obras de servicios p\u00fablicos donde no los hay como son drenaje, pavimentaci\u00f3n, banquetas y alumbrado p\u00fablico.<\/p>\n\n\n\n<p>Seguir\u00e9 gestionando ante la Autoridad Federal, la adecuaci\u00f3n del \u201cPuente Alvarado\u201d, para permitir el acceso a embarcaciones mayores, as\u00ed como la construcci\u00f3n de un puente en el canal de \u201cCamaronera\u201d que beneficiar\u00e1 la producci\u00f3n y servir\u00e1 para generar un puerto de abrigo en la laguna para embarcaciones pesqueras y deportivas.<\/p>\n\n\n\n<p><strong>EMPLEO Y REACTIVACI\u00d3N ECON\u00d3MICA<\/strong><\/p>\n\n\n\n<p>En materia econ\u00f3mica para Alvarado, establecer\u00e9 un programa de capacitaci\u00f3n para el autoempleo.<\/p>\n\n\n\n<p>As\u00ed tambi\u00e9n un Programa de Cr\u00e9dito a Peque\u00f1os Comerciantes, mismo que les permitir\u00e1 tener fluidez econ\u00f3mica para invertir como ya lo hicimos en el periodo 2014-2017.<\/p>\n\n\n\n<p>Con inversi\u00f3n p\u00fablica en obras y acciones generaremos empleos directos e indirectos.<\/p>\n\n\n\n<p>Velar\u00e9 porque las empresas que realicen actividades laborales en nuestro municipio, lo hagan con personal alvarade\u00f1o.<\/p>\n\n\n\n<p>Adem\u00e1s, reordenar\u00e9 el ambulantaje local, contribuyendo a un comercio organizado y productivo, que no permitir\u00e1 el comercio for\u00e1neo temporal y as\u00ed se fortalecer\u00e1 el comercio local.<\/p>\n\n\n\n<p><strong>REACTIVACI\u00d3N TUR\u00cdSTICA:<\/strong><\/p>\n\n\n\n<p>De igual manera, entiendo que el turismo representa una gran oportunidad para el desarrollo de Alvarado, por lo que en mi gobierno, se apostar\u00e1 de lleno a una proyecci\u00f3n tur\u00edstica que nos permita recibir visitantes nacionales y extranjeros, para ello mis propuestas son las siguientes:<\/p>\n\n\n\n<p>A la semana siguiente de haber ganado la elecci\u00f3n buscar\u00e9 reunirme con los alcaldes electos de Veracruz, Boca del R\u00edo y Tlacotalpan, para poder promover la creaci\u00f3n de un andador tur\u00edstico que nos permita conectarnos y ofrecer distintos servicios.<\/p>\n\n\n\n<p>Tambi\u00e9n promover\u00e9 las reuniones entre restauranteros, hoteleros, palaperos, artesanos, lancheros y dem\u00e1s productores de turismo con tour operadores y empresas enfocadas a la atracci\u00f3n de turismo.<\/p>\n\n\n\n<p>Adem\u00e1s, continuar\u00e9 gestionando ante los Gobiernos Federal y Estatal, la prolongaci\u00f3n de nuestro muro de contenci\u00f3n en las zonas que m\u00e1s lo necesiten como ya lo hicimos de La Playa a La Trocha.<\/p>\n\n\n\n<p>Promover\u00e9 la ampliaci\u00f3n del Malec\u00f3n hasta la punta de La Trocha, creando as\u00ed un corredor tur\u00edstico que nos permita que locales y visitantes disfruten de los atractivos de nuestra ciudad.<\/p>\n\n\n\n<p>Reactivar\u00e9 eventos art\u00edsticos y culturales propios de nuestro Alvarado.<\/p>\n\n\n\n<p>As\u00ed tambi\u00e9n, promover\u00e9 el desarrollo de turismo fluvial y rural, para que puedan instalarse rutas para que los visitantes disfruten de recorridos por nuestro sistema lagunar y nuestros r\u00edos no s\u00f3lo en lancha, sino en canotaje y dem\u00e1s medios de traslado acu\u00e1tico recreativo.<\/p>\n\n\n\n<p>Con estas acciones, proyectaremos a Alvarado a nivel nacional como un punto de inter\u00e9s tur\u00edstico, buscando un impacto de gran magnitud en la econom\u00eda local.<\/p>\n\n\n\n<p><strong>AGRICULTURA, GANADERIA Y PESCA<\/strong><\/p>\n\n\n\n<p>Habr\u00e1 apoyo del municipio para agricultores, ganaderos y pescadores.<\/p>\n\n\n\n<p>A los agricultores los apoyaremos con cr\u00e9ditos sin intereses para la siembra de ma\u00edz, sand\u00eda, ca\u00f1a y dem\u00e1s productos que benefician la agricultura en Alvarado.<\/p>\n\n\n\n<p>A los ganaderos los apoyaremos con cr\u00e9ditos sin intereses para implementos ganaderos as\u00ed como apoyos para la sequ\u00eda.<\/p>\n\n\n\n<p>Tambi\u00e9n crearemos el empleo temporal para beneficio de todos los pescadores de Alvarado en tiempos de veda.<\/p>\n\n\n\n<p><strong>DESARROLLO SOCIAL<\/strong><\/p>\n\n\n\n<p>En el 2022, iniciaremos el programa Alvarado Sonr\u00ede que beneficiar\u00e1 5 mil viviendas dotando de manera mensual de un apoyo alimentario, esto permitir\u00e1 que apoyemos a la poblaci\u00f3n m\u00e1s vulnerable y as\u00ed se convertir\u00e1 en el mayor Programa de Desarrollo Social en toda la historia de Alvarado.<\/p>\n\n\n\n<p>\u201cPara m\u00ed, la familia es la base de la sociedad, es por ello que para el sano desarrollo de las mismas, me comprometo a crear el programa municipal de estancias infantiles gratuitas para madres trabajadoras y abriremos 10 consultorios m\u00e9dicos, con servicio y medicinas del cuadro b\u00e1sico gratuitos\u201d, dijo<\/p>\n\n\n\n<p>En vivienda pondr\u00e9 en marcha 2 programas que beneficiar\u00e1n directamente a las familias: El Programa de Construcci\u00f3n de Pisos Firmes y la Construcci\u00f3n de Cuartos Dormitorios y Ba\u00f1os para familias de bajos recursos<\/p>\n\n\n\n<p><strong>EDUCACI\u00d3N Y DEPORTE:<\/strong><\/p>\n\n\n\n<p>*Reconozco y valoro la labor educativa, Alvarado es y ser\u00e1 cuna de grandes profesores con un magisterio excepcional, es por ello que en mi gobierno la educaci\u00f3n ser\u00e1 un eje primordial no s\u00f3lo para velar por los intereses del magisterio, sino tambi\u00e9n para continuar teniendo un nivel acad\u00e9mico que nos permita preparar a nuestros j\u00f3venes para enfrentar grandes retos laborales basados en los valores que como alvarade\u00f1os nos enaltecen\u201d, manifest\u00f3.<\/p>\n\n\n\n<p>Afirm\u00f3 que como alcalde 2014-2017 desarroll\u00f3 la mayor inversi\u00f3n en educaci\u00f3n, con la construcci\u00f3n de m\u00e1s de 50 aulas, a partir de 2022 continuaremos con las obras escolares.<\/p>\n\n\n\n<p>Dijo que firmar\u00e1 convenios con instituciones educativas privadas para otorgar becas a los estudiantes y brindar\u00e1 el apoyo total a todo estudiante que destaque en disciplina alguna, dot\u00e1ndole de lo necesario para que nada le impida sobresalir y poner en alto en nombre propio y el de Alvarado, adem\u00e1s de seguir proyectando a los grupos art\u00edsticos y culturales que representan al municipio.<\/p>\n\n\n\n<p>En deporte gestionar\u00e1 el apoyo necesario para todos los deportistas de Alvarado en las distintas discriplinas que hay para que nuestro municipio siga siendo semillero de talentos.<br>Promover\u00e9 el rescate del b\u00e9isbol y la pelota caliente, deporte fundamental en la historia de Alvarado y continuar\u00e1 con las \u201cZona Zumba\u201d en cada punto del municipio, generando una opci\u00f3n saludable que permita a las y los alvarade\u00f1s tener un sano esparcimiento.<\/p>\n\n\n\n<p>Tavo Ruiz dijo que encabezar\u00e1 un gobierno de puertas abiertas y para atender a los alvarade\u00f1os solicitar\u00e1 a cada departamento del Ayuntamiento, la disposici\u00f3n necesaria para recibir a los ciudadanos, escuchar sus necesidades y atenderlas de forma inmediata, con un contacto directo y permanente con la ciudadan\u00eda.<\/p>\n\n\n\n<p>En la Riviera Veracruzana crear\u00e1 una delegaci\u00f3n que no solamente contar\u00e1 con todos los servicios p\u00fablicos, y mejorar\u00e1 la atenci\u00f3n de sus habitantes con la presencia al menos de 2 veces por semana de Alcalde, Ediles y Directores, para dar soluci\u00f3n expedita a tr\u00e1mites y solicitudes.<\/p>\n\n\n\n<p>El el candidato a la Presidencia Municipal de Alvarado por la alianza \u201cVeracruz va\u201d, Tavo Ruiz, dijo que como resultado de su experiencia sabe lo que el municipio necesita. \u201cMe comprometo contigo a que con dedicaci\u00f3n, compromiso y car\u00e1cter retomaremos la ruta hacia el desarrollo, \u00a1Vienen buenos tiempos para Alvarado!\u201d, concluy\u00f3.<\/p>\n","protected":false},"excerpt":{"rendered":"<p>Alvarado\u201c\u00a1Vienen buenos tiempos para Alvarado!\u201d, afirm\u00f3 el candidato a la Presidencia Municipal de Alvarado por la alianza \u201cVeracruz va\u201d PAN-PRI-PRD, Tavo Ruiz, al realizar la presentaci\u00f3n de su Plan de Gobierno 2022 comprometi\u00e9ndose a retomar la ruta del desarrollo para devolver la plenitud y fortaleza de la econom\u00eda alvarade\u00f1a. Tavo Ruiz se\u00f1al\u00f3 que la situaci\u00f3n [&hellip;]<\/p>\n","protected":false},"author":2,"featured_media":0,"comment_status":"closed","ping_status":"closed","sticky":false,"template":"","format":"standard","meta":{"_jetpack_newsletter_access":"","_jetpack_dont_email_post_to_subs":false,"_jetpack_newsletter_tier_id":0,"_jetpack_memberships_contains_paywalled_content":false,"_jetpack_memberships_contains_paid_content":false,"footnotes":""},"categories":[73],"tags":[301,9332,4396,6287,22333,27951,17200,27512,25692],"class_list":["post-72720","post","type-post","status-publish","format-standard","hentry","category-de-boleto","tag-alvarado","tag-desarrollo-social","tag-empleo","tag-obra-publica","tag-pan-pri-prd","tag-plan-de-gobierno-2022","tag-reactivacion-economica","tag-tavo-ruiz","tag-veracruz-va"],"jetpack_featured_media_url":"","jetpack_sharing_enabled":true,"jetpack_shortlink":"https:\/\/wp.me\/p4Qcd3-iUU","_links":{"self":[{"href":"https:\/\/lospoliticosveracruz.com.mx\/index.php?rest_route=\/wp\/v2\/posts\/72720","targetHints":{"allow":["GET"]}}],"collection":[{"href":"https:\/\/lospoliticosveracruz.com.mx\/index.php?rest_route=\/wp\/v2\/posts"}],"about":[{"href":"https:\/\/lospoliticosveracruz.com.mx\/index.php?rest_route=\/wp\/v2\/types\/post"}],"author":[{"embeddable":true,"href":"https:\/\/lospoliticosveracruz.com.mx\/index.php?rest_route=\/wp\/v2\/users\/2"}],"replies":[{"embeddable":true,"href":"https:\/\/lospoliticosveracruz.com.mx\/index.php?rest_route=%2Fwp%2Fv2%2Fcomments&post=72720"}],"version-history":[{"count":2,"href":"https:\/\/lospoliticosveracruz.com.mx\/index.php?rest_route=\/wp\/v2\/posts\/72720\/revisions"}],"predecessor-version":[{"id":72777,"href":"https:\/\/lospoliticosveracruz.com.mx\/index.php?rest_route=\/wp\/v2\/posts\/72720\/revisions\/72777"}],"wp:attachment":[{"href":"https:\/\/lospoliticosveracruz.com.mx\/index.php?rest_route=%2Fwp%2Fv2%2Fmedia&parent=72720"}],"wp:term":[{"taxonomy":"category","embeddable":true,"href":"https:\/\/lospoliticosveracruz.com.mx\/index.php?rest_route=%2Fwp%2Fv2%2Fcategories&post=72720"},{"taxonomy":"post_tag","embeddable":true,"href":"https:\/\/lospoliticosveracruz.com.mx\/index.php?rest_route=%2Fwp%2Fv2%2Ftags&post=72720"}],"curies":[{"name":"wp","href":"https:\/\/api.w.org\/{rel}","templated":true}]}}