{"id":72819,"date":"2021-05-13T16:57:56","date_gmt":"2021-05-13T21:57:56","guid":{"rendered":"http:\/\/www.lospoliticosveracruz.com.mx\/?p=72819"},"modified":"2021-05-13T16:58:00","modified_gmt":"2021-05-13T21:58:00","slug":"renuncia-a-suplencia-de-pluri-de-morena","status":"publish","type":"post","link":"https:\/\/lospoliticosveracruz.com.mx\/?p=72819","title":{"rendered":"Renuncia a suplencia de pluri de Morena"},"content":{"rendered":"\n<p><strong>Enrique Yasser Pompeyo<\/strong><br><em>Xalapa<\/em><\/p>\n\n\n\n<p>La maestra Miriam L\u00f3pez Cruz, dirigente de los Comit\u00e9s de Afinidad Magisterial en el estado de Veracruz, renunci\u00f3 a la propuesta de candidata a diputada plurinominal suplente del partido pol\u00edtico Morena.<br>En un documento dirigido al delegado con funciones de presidente del Comit\u00e9 Ejecutivo Nacional de Morena en el Estado de Veracruz, Esteban Ram\u00edrez Zepeta, precisa que se retira del proceso electoral 2020-2021, pero no del trabajo pol\u00edtico, \u201crefrendando mi compromiso con las causas justas y libres de nuestro partido Movimiento Regeneraci\u00f3n Nacional\u201d.<\/p>\n\n\n\n<p>En el documento se lee: \u201cen mi car\u00e1cter de ciudadana solicito tenga a bien aceptar mi renuncia con car\u00e1cter de irrevocable a la suplencia de la f\u00f3rmula encabezada por la C. Illya Dolores Escobar Mart\u00ednez, como propietaria quien ocupa la posici\u00f3n n\u00famero tres del partido Morena, para diputaci\u00f3n de representaci\u00f3n proporcional del estado de Veracruz acorde al anexo 9 del acuerdo OPLEV\/CG190\/2021 de fecha 3 de mayo de 2021\u201d.<\/p>\n\n\n\n<p>Asimismo, en otro documento dirigido a las maestras y maestros de Veracruz, la maestra Miriam L\u00f3pez Cruz explica y detalla su decisi\u00f3n.<\/p>\n\n\n\n<p>En el texto se lee: \u201ccuando en 2018, decid\u00ed emprender la lucha por todo el estado de Veracruz, tratando de concientizar al magisterio estatal, particularmente de la secci\u00f3n 56 del SNTE, de que es necesario y urgente democratizar nuestra organizaci\u00f3n sindical para recuperar plenamente todas nuestras conquistas laborales y sindicales, perdidas en la Reforma Educativa de Pe\u00f1a Nieto, en complicidad con la dirigencia nacional y seccional, y que a\u00fan no han sido restauradas, lo hice y lo sigo haciendo fundamentada en el derecho, la justicia y la raz\u00f3n, conduci\u00e9ndome y gui\u00e1ndome en todas mis acciones por mis convicciones, principios y valores, nunca por un inter\u00e9s o beneficio personal\u201d.<\/p>\n\n\n\n<p>Finalmente, Miriam L\u00f3pez Cruz reitera que con su renuncia se dedicar\u00e1 \u201ca realizar el objetivo magisterial ya descrito, sin menoscabo de seguir apoyando a los candidatos de mi partido\u201d.<\/p>\n","protected":false},"excerpt":{"rendered":"<p>Enrique Yasser PompeyoXalapa La maestra Miriam L\u00f3pez Cruz, dirigente de los Comit\u00e9s de Afinidad Magisterial en el estado de Veracruz, renunci\u00f3 a la propuesta de candidata a diputada plurinominal suplente del partido pol\u00edtico Morena.En un documento dirigido al delegado con funciones de presidente del Comit\u00e9 Ejecutivo Nacional de Morena en el Estado de Veracruz, Esteban [&hellip;]<\/p>\n","protected":false},"author":2,"featured_media":0,"comment_status":"closed","ping_status":"closed","sticky":false,"template":"","format":"standard","meta":{"_jetpack_newsletter_access":"","_jetpack_dont_email_post_to_subs":false,"_jetpack_newsletter_tier_id":0,"_jetpack_memberships_contains_paywalled_content":false,"_jetpack_memberships_contains_paid_content":false,"footnotes":""},"categories":[6446],"tags":[27974,26468,1026,11193,27975],"class_list":["post-72819","post","type-post","status-publish","format-standard","hentry","category-la-nota","tag-diputada-plurinominal","tag-miriam-lopez-cruz","tag-morena","tag-proceso-electoral","tag-seccion-56-del-snte"],"jetpack_featured_media_url":"","jetpack_sharing_enabled":true,"jetpack_shortlink":"https:\/\/wp.me\/p4Qcd3-iWv","_links":{"self":[{"href":"https:\/\/lospoliticosveracruz.com.mx\/index.php?rest_route=\/wp\/v2\/posts\/72819","targetHints":{"allow":["GET"]}}],"collection":[{"href":"https:\/\/lospoliticosveracruz.com.mx\/index.php?rest_route=\/wp\/v2\/posts"}],"about":[{"href":"https:\/\/lospoliticosveracruz.com.mx\/index.php?rest_route=\/wp\/v2\/types\/post"}],"author":[{"embeddable":true,"href":"https:\/\/lospoliticosveracruz.com.mx\/index.php?rest_route=\/wp\/v2\/users\/2"}],"replies":[{"embeddable":true,"href":"https:\/\/lospoliticosveracruz.com.mx\/index.php?rest_route=%2Fwp%2Fv2%2Fcomments&post=72819"}],"version-history":[{"count":1,"href":"https:\/\/lospoliticosveracruz.com.mx\/index.php?rest_route=\/wp\/v2\/posts\/72819\/revisions"}],"predecessor-version":[{"id":72821,"href":"https:\/\/lospoliticosveracruz.com.mx\/index.php?rest_route=\/wp\/v2\/posts\/72819\/revisions\/72821"}],"wp:attachment":[{"href":"https:\/\/lospoliticosveracruz.com.mx\/index.php?rest_route=%2Fwp%2Fv2%2Fmedia&parent=72819"}],"wp:term":[{"taxonomy":"category","embeddable":true,"href":"https:\/\/lospoliticosveracruz.com.mx\/index.php?rest_route=%2Fwp%2Fv2%2Fcategories&post=72819"},{"taxonomy":"post_tag","embeddable":true,"href":"https:\/\/lospoliticosveracruz.com.mx\/index.php?rest_route=%2Fwp%2Fv2%2Ftags&post=72819"}],"curies":[{"name":"wp","href":"https:\/\/api.w.org\/{rel}","templated":true}]}}