{"id":72881,"date":"2021-05-14T08:11:34","date_gmt":"2021-05-14T13:11:34","guid":{"rendered":"http:\/\/www.lospoliticosveracruz.com.mx\/?p=72881"},"modified":"2021-05-14T08:11:37","modified_gmt":"2021-05-14T13:11:37","slug":"de-fortin-para-el-mundo-maestra-lidia","status":"publish","type":"post","link":"https:\/\/lospoliticosveracruz.com.mx\/?p=72881","title":{"rendered":"De Fort\u00edn para el Mundo: Maestra Lidia"},"content":{"rendered":"\n<p><strong>Fort\u00edn de las Flores<br><\/strong>\u201cEn Fort\u00edn hay talento para la innovaci\u00f3n, lo apoyar\u00e9 para impulsar el desarrollo\u201d, afirm\u00f3 la maestra Lidia Aguirre en reuni\u00f3n con emprendedores en la colonia Los Pinos.<\/p>\n\n\n\n<div class=\"wp-block-image\"><figure class=\"alignleft size-large\"><a href=\"http:\/\/www.lospoliticosveracruz.com.mx\/wp-content\/uploads\/2021\/05\/Batalla-Cordoba.jpeg\"><img decoding=\"async\" src=\"http:\/\/www.lospoliticosveracruz.com.mx\/wp-content\/uploads\/2021\/05\/Batalla-Cordoba.jpeg\" alt=\"\" class=\"wp-image-72571\"\/><\/a><\/figure><\/div>\n\n\n\n<p><br>La abanderada dialog\u00f3 con una familia que se dedica a producir aguas artesanales de sabores frutales, a quienes adelant\u00f3 que su gobierno impulsar\u00e1 la exportaci\u00f3n y la comercializaci\u00f3n de productos locales a partir de la estrategia De Fort\u00edn para el Mundo.<br>Aguirre Gonz\u00e1lez indic\u00f3 que, adem\u00e1s, como parte del eje Fort\u00edn Productivo, se recuperar\u00e1 la marca-ciudad Fort\u00edn de las Flores para lograr un nuevo empuje a las actividades comerciales y tur\u00edsticas.<br>\u201cLleg\u00f3 el momento de que Fort\u00edn recupere su vocaci\u00f3n productiva y se aproveche el potencial tur\u00edstico y agropecuario de nuestro municipio, es tiempo de reactivar la econom\u00eda con nuevas ideas\u201d, agreg\u00f3.<br>La abanderada de Movimiento Ciudadano indic\u00f3 que se desarrollar\u00e1 la estrategia Campo F\u00e9rtil para promover innovaciones en t\u00e9cnicas y aprovechar saberes a favor del caf\u00e9, la ca\u00f1a, el velillo y otros cultivos que promuevan mayores ganancias a las familias que obtienen su sustento del campo.<br>Explic\u00f3 que Fort\u00edn Productivo se propone reactivar la econom\u00eda postCOVID, a partir de dos ejes, recuperar la vocaci\u00f3n comercial y productiva del municipio, e innovar para incentivar la creaci\u00f3n de emprendimientos.<br>La maestra Lidia precis\u00f3 que con programas como Mujeres de Palabra o con mecanismos novedosos de incubaci\u00f3n para empresas dirigidas por j\u00f3venes, se dar\u00e1 respuesta a quienes se autoemplean o emprenden actividades productivas.<br>A\u00f1adi\u00f3 que por supuesto, ning\u00fan impulso a la productividad y la econom\u00eda funciona sin apoyar el consumo de productos locales, lo que tambi\u00e9n forma parte de su estrategia.<br>\u201cEs muy fortinense innovar, hacer producir el campo o generar nuevas ideas para mejorar los cultivos tradicionales, y por primera vez, las y los innovadores contar\u00e1n con apoyos\u201d, coment\u00f3 Aguirre Gonz\u00e1lez.<\/p>\n","protected":false},"excerpt":{"rendered":"<p>Fort\u00edn de las Flores\u201cEn Fort\u00edn hay talento para la innovaci\u00f3n, lo apoyar\u00e9 para impulsar el desarrollo\u201d, afirm\u00f3 la maestra Lidia Aguirre en reuni\u00f3n con emprendedores en la colonia Los Pinos. La abanderada dialog\u00f3 con una familia que se dedica a producir aguas artesanales de sabores frutales, a quienes adelant\u00f3 que su gobierno impulsar\u00e1 la exportaci\u00f3n [&hellip;]<\/p>\n","protected":false},"author":2,"featured_media":0,"comment_status":"closed","ping_status":"closed","sticky":false,"template":"","format":"standard","meta":{"_jetpack_newsletter_access":"","_jetpack_dont_email_post_to_subs":false,"_jetpack_newsletter_tier_id":0,"_jetpack_memberships_contains_paywalled_content":false,"_jetpack_memberships_contains_paid_content":false,"footnotes":""},"categories":[73],"tags":[2254,27999,27705,2327],"class_list":["post-72881","post","type-post","status-publish","format-standard","hentry","category-de-boleto","tag-fortin-de-las-flores","tag-fortin-productivo","tag-lidia-aguirre","tag-movimiento-ciudadano"],"jetpack_featured_media_url":"","jetpack_sharing_enabled":true,"jetpack_shortlink":"https:\/\/wp.me\/p4Qcd3-iXv","_links":{"self":[{"href":"https:\/\/lospoliticosveracruz.com.mx\/index.php?rest_route=\/wp\/v2\/posts\/72881","targetHints":{"allow":["GET"]}}],"collection":[{"href":"https:\/\/lospoliticosveracruz.com.mx\/index.php?rest_route=\/wp\/v2\/posts"}],"about":[{"href":"https:\/\/lospoliticosveracruz.com.mx\/index.php?rest_route=\/wp\/v2\/types\/post"}],"author":[{"embeddable":true,"href":"https:\/\/lospoliticosveracruz.com.mx\/index.php?rest_route=\/wp\/v2\/users\/2"}],"replies":[{"embeddable":true,"href":"https:\/\/lospoliticosveracruz.com.mx\/index.php?rest_route=%2Fwp%2Fv2%2Fcomments&post=72881"}],"version-history":[{"count":1,"href":"https:\/\/lospoliticosveracruz.com.mx\/index.php?rest_route=\/wp\/v2\/posts\/72881\/revisions"}],"predecessor-version":[{"id":72883,"href":"https:\/\/lospoliticosveracruz.com.mx\/index.php?rest_route=\/wp\/v2\/posts\/72881\/revisions\/72883"}],"wp:attachment":[{"href":"https:\/\/lospoliticosveracruz.com.mx\/index.php?rest_route=%2Fwp%2Fv2%2Fmedia&parent=72881"}],"wp:term":[{"taxonomy":"category","embeddable":true,"href":"https:\/\/lospoliticosveracruz.com.mx\/index.php?rest_route=%2Fwp%2Fv2%2Fcategories&post=72881"},{"taxonomy":"post_tag","embeddable":true,"href":"https:\/\/lospoliticosveracruz.com.mx\/index.php?rest_route=%2Fwp%2Fv2%2Ftags&post=72881"}],"curies":[{"name":"wp","href":"https:\/\/api.w.org\/{rel}","templated":true}]}}