{"id":73105,"date":"2021-05-16T14:08:54","date_gmt":"2021-05-16T19:08:54","guid":{"rendered":"http:\/\/www.lospoliticosveracruz.com.mx\/?p=73105"},"modified":"2021-05-17T09:24:37","modified_gmt":"2021-05-17T14:24:37","slug":"respuestas-no-promesas","status":"publish","type":"post","link":"https:\/\/lospoliticosveracruz.com.mx\/?p=73105","title":{"rendered":"Respuestas, no promesas"},"content":{"rendered":"\n<p><em>Veracruz<\/em><br>Los veracruzanos quieren respuestas inmediatas y no promesas, han pasado de las demandas a las exigencias que nos corresponde escuchar a los candidatos, expres\u00f3 Rosa Mar\u00eda Hern\u00e1ndez Espejo, Candidata a Diputada Federal por Morena.<\/p>\n\n\n\n<div class=\"wp-block-image\"><figure class=\"alignleft size-large is-resized\"><a href=\"http:\/\/www.lospoliticosveracruz.com.mx\/wp-content\/uploads\/2021\/05\/Batalla-Cordoba.jpeg\"><img loading=\"lazy\" decoding=\"async\" src=\"http:\/\/www.lospoliticosveracruz.com.mx\/wp-content\/uploads\/2021\/05\/Batalla-Cordoba.jpeg\" alt=\"\" class=\"wp-image-72571\" width=\"233\" height=\"388\"\/><\/a><\/figure><\/div>\n\n\n\n<p>Durante su recorrido de m\u00e1s de 5 horas en la Colonia Adolfo L\u00f3pez Mateos, la candidata asegur\u00f3 que no ser\u00e1 diputada del mont\u00f3n, al afirmar que su trabajo ser\u00e1 apegado a la l\u00ednea de la Cuarta Transformaci\u00f3n, en unidad y organizaci\u00f3n desde alcaldes, diputados locales, federales y apoyo total a las pol\u00edticas p\u00fablicas emanadas del l\u00edder moral de su partido, que benefician a miles de familias de escasos recursos.<\/p>\n\n\n\n<p>\u201cTenemos que ser diferentes, y nosotros nos estamos comprometiendo con los ciudadanos a que terminando la elecci\u00f3n, tenemos que regresar de manera organizada en mesas de trabajo con la gente, con los colonos, con los vecinos para empujar los temas que les duelen como: la regularizaci\u00f3n de terrenos, donde tiene que ver el gobierno federal tema que nos ocupa , y hay que decirlo, esta dependencia que se llama Instituto Nacional de Suelo Sustentable (INSUS), que antes era (Comisi\u00f3n para la Regularizaci\u00f3n de la Tenencia de la Tierra) CORETT, no est\u00e1 caminando al mismo ritmo que lo demanda el gobierno emanado de la 4T\u201d, mencion\u00f3.<\/p>\n\n\n\n<p>Hern\u00e1ndez Espejo mencion\u00f3 que su llegada al Congreso de la Uni\u00f3n marcar\u00e1 la diferencia con el trabajo de otros diputados, porque desde el pleno va a exigir que las dependencias que no hacen su trabajo sean expuestas para dejar atr\u00e1s la \u00e9poca de la burocracia, el retraso e incumplimiento de sus obligaciones, \u201ces una consigna de los nuevos funcionarios del gobierno de Morena\u201d.<\/p>\n","protected":false},"excerpt":{"rendered":"<p>VeracruzLos veracruzanos quieren respuestas inmediatas y no promesas, han pasado de las demandas a las exigencias que nos corresponde escuchar a los candidatos, expres\u00f3 Rosa Mar\u00eda Hern\u00e1ndez Espejo, Candidata a Diputada Federal por Morena. Durante su recorrido de m\u00e1s de 5 horas en la Colonia Adolfo L\u00f3pez Mateos, la candidata asegur\u00f3 que no ser\u00e1 diputada [&hellip;]<\/p>\n","protected":false},"author":2,"featured_media":0,"comment_status":"closed","ping_status":"closed","sticky":false,"template":"","format":"standard","meta":{"_jetpack_newsletter_access":"","_jetpack_dont_email_post_to_subs":false,"_jetpack_newsletter_tier_id":0,"_jetpack_memberships_contains_paywalled_content":false,"_jetpack_memberships_contains_paid_content":false,"footnotes":""},"categories":[73],"tags":[1026,11900,195],"class_list":["post-73105","post","type-post","status-publish","format-standard","hentry","category-de-boleto","tag-morena","tag-rosa-maria-hernandez-espejo","tag-veracruz"],"jetpack_featured_media_url":"","jetpack_sharing_enabled":true,"jetpack_shortlink":"https:\/\/wp.me\/p4Qcd3-j17","_links":{"self":[{"href":"https:\/\/lospoliticosveracruz.com.mx\/index.php?rest_route=\/wp\/v2\/posts\/73105","targetHints":{"allow":["GET"]}}],"collection":[{"href":"https:\/\/lospoliticosveracruz.com.mx\/index.php?rest_route=\/wp\/v2\/posts"}],"about":[{"href":"https:\/\/lospoliticosveracruz.com.mx\/index.php?rest_route=\/wp\/v2\/types\/post"}],"author":[{"embeddable":true,"href":"https:\/\/lospoliticosveracruz.com.mx\/index.php?rest_route=\/wp\/v2\/users\/2"}],"replies":[{"embeddable":true,"href":"https:\/\/lospoliticosveracruz.com.mx\/index.php?rest_route=%2Fwp%2Fv2%2Fcomments&post=73105"}],"version-history":[{"count":2,"href":"https:\/\/lospoliticosveracruz.com.mx\/index.php?rest_route=\/wp\/v2\/posts\/73105\/revisions"}],"predecessor-version":[{"id":73190,"href":"https:\/\/lospoliticosveracruz.com.mx\/index.php?rest_route=\/wp\/v2\/posts\/73105\/revisions\/73190"}],"wp:attachment":[{"href":"https:\/\/lospoliticosveracruz.com.mx\/index.php?rest_route=%2Fwp%2Fv2%2Fmedia&parent=73105"}],"wp:term":[{"taxonomy":"category","embeddable":true,"href":"https:\/\/lospoliticosveracruz.com.mx\/index.php?rest_route=%2Fwp%2Fv2%2Fcategories&post=73105"},{"taxonomy":"post_tag","embeddable":true,"href":"https:\/\/lospoliticosveracruz.com.mx\/index.php?rest_route=%2Fwp%2Fv2%2Ftags&post=73105"}],"curies":[{"name":"wp","href":"https:\/\/api.w.org\/{rel}","templated":true}]}}