{"id":73145,"date":"2021-05-16T18:51:58","date_gmt":"2021-05-16T23:51:58","guid":{"rendered":"http:\/\/www.lospoliticosveracruz.com.mx\/?p=73145"},"modified":"2021-05-17T09:06:36","modified_gmt":"2021-05-17T14:06:36","slug":"para-no-tener-venecias-jarochas","status":"publish","type":"post","link":"https:\/\/lospoliticosveracruz.com.mx\/?p=73145","title":{"rendered":"Para no tener Venecias jarochas!"},"content":{"rendered":"\n<p><em>Veracruz<\/em><br>Miguel \u00c1ngel Yunes M\u00e1rquez, candidato a la Presidencia Municipal de Veracruz de la alianza \u00abVeracruz va\u00bb PAN-PRI-PRD, inform\u00f3 que en su proyecto de obras de infraestructura b\u00e1sica contempla la construcci\u00f3n de colectores pluviales para evitar inundaciones en la ciudad, el primero de ellos en Alcocer y Calle 18.<\/p>\n\n\n\n<div class=\"wp-block-image\"><figure class=\"alignleft size-large\"><a href=\"http:\/\/www.lospoliticosveracruz.com.mx\/wp-content\/uploads\/2021\/05\/Batalla-Cordoba.jpeg\"><img decoding=\"async\" src=\"http:\/\/www.lospoliticosveracruz.com.mx\/wp-content\/uploads\/2021\/05\/Batalla-Cordoba.jpeg\" alt=\"\" class=\"wp-image-72571\"\/><\/a><\/figure><\/div>\n\n\n\n<p>Dio a conocer que la actual administraci\u00f3n municipal ha invertido m\u00e1s de 200 millones de pesos en las obras de rehabilitaci\u00f3n y desazolve de drenaje pluvial y sanitario, en la rehabilitaci\u00f3n y construcci\u00f3n de nuevas redes de agua potable y drenaje sanitario, y en la construcci\u00f3n de colectores pluviales, destacando el de la Col. Chiver\u00eda.<\/p>\n\n\n\n<p>Manifest\u00f3 que su gobierno continuar\u00e1 por ese camino para brindar tranquilidad a cientos de familias en temporada de lluvias.<\/p>\n\n\n\n<p>En infraestructura b\u00e1sica contempla:<\/p>\n\n\n\n<ul class=\"wp-block-list\"><li>Gestionar la ampliaci\u00f3n de redes de agua potable.<\/li><li>Construir redes de drenaje sanitario en \u00e1reas sin disponibilidad.<\/li><li>Implementar un programa continuo de desazolve de conectores pluviales.<\/li><li>Dar mantenimiento permanente a rejillas pluviales e infraestructura.<\/li><li>Construir colectores pluviales, uno de ellos en Alcocer y Calle 18.<\/li><\/ul>\n\n\n\n<p>\u201cAunque falta mucho por hacer, cuando las cosas van bien, hay que reconocerlo para que se contin\u00fae hacia adelante, por el mismo camino\u201d, concluy\u00f3.<\/p>\n\n\n\n<p>El candidato a la Presidencia Municipal de Veracruz de la alianza \u00abVeracruz va\u00bb, Miguel \u00c1ngel Yunes M\u00e1rquez, realiz\u00f3 recorrido de campa\u00f1a en las colonias Las Amapolas I y II .<\/p>\n","protected":false},"excerpt":{"rendered":"<p>VeracruzMiguel \u00c1ngel Yunes M\u00e1rquez, candidato a la Presidencia Municipal de Veracruz de la alianza \u00abVeracruz va\u00bb PAN-PRI-PRD, inform\u00f3 que en su proyecto de obras de infraestructura b\u00e1sica contempla la construcci\u00f3n de colectores pluviales para evitar inundaciones en la ciudad, el primero de ellos en Alcocer y Calle 18. Dio a conocer que la actual administraci\u00f3n [&hellip;]<\/p>\n","protected":false},"author":2,"featured_media":0,"comment_status":"closed","ping_status":"closed","sticky":false,"template":"","format":"standard","meta":{"_jetpack_newsletter_access":"","_jetpack_dont_email_post_to_subs":false,"_jetpack_newsletter_tier_id":0,"_jetpack_memberships_contains_paywalled_content":false,"_jetpack_memberships_contains_paid_content":false,"footnotes":""},"categories":[73],"tags":[18810,2632,536,266,195,25692],"class_list":["post-73145","post","type-post","status-publish","format-standard","hentry","category-de-boleto","tag-colectores-pluviales","tag-inundaciones","tag-miguel-angel-yunes-marquez","tag-pan","tag-veracruz","tag-veracruz-va"],"jetpack_featured_media_url":"","jetpack_sharing_enabled":true,"jetpack_shortlink":"https:\/\/wp.me\/p4Qcd3-j1L","_links":{"self":[{"href":"https:\/\/lospoliticosveracruz.com.mx\/index.php?rest_route=\/wp\/v2\/posts\/73145","targetHints":{"allow":["GET"]}}],"collection":[{"href":"https:\/\/lospoliticosveracruz.com.mx\/index.php?rest_route=\/wp\/v2\/posts"}],"about":[{"href":"https:\/\/lospoliticosveracruz.com.mx\/index.php?rest_route=\/wp\/v2\/types\/post"}],"author":[{"embeddable":true,"href":"https:\/\/lospoliticosveracruz.com.mx\/index.php?rest_route=\/wp\/v2\/users\/2"}],"replies":[{"embeddable":true,"href":"https:\/\/lospoliticosveracruz.com.mx\/index.php?rest_route=%2Fwp%2Fv2%2Fcomments&post=73145"}],"version-history":[{"count":2,"href":"https:\/\/lospoliticosveracruz.com.mx\/index.php?rest_route=\/wp\/v2\/posts\/73145\/revisions"}],"predecessor-version":[{"id":73174,"href":"https:\/\/lospoliticosveracruz.com.mx\/index.php?rest_route=\/wp\/v2\/posts\/73145\/revisions\/73174"}],"wp:attachment":[{"href":"https:\/\/lospoliticosveracruz.com.mx\/index.php?rest_route=%2Fwp%2Fv2%2Fmedia&parent=73145"}],"wp:term":[{"taxonomy":"category","embeddable":true,"href":"https:\/\/lospoliticosveracruz.com.mx\/index.php?rest_route=%2Fwp%2Fv2%2Fcategories&post=73145"},{"taxonomy":"post_tag","embeddable":true,"href":"https:\/\/lospoliticosveracruz.com.mx\/index.php?rest_route=%2Fwp%2Fv2%2Ftags&post=73145"}],"curies":[{"name":"wp","href":"https:\/\/api.w.org\/{rel}","templated":true}]}}