{"id":73148,"date":"2021-05-16T20:48:16","date_gmt":"2021-05-17T01:48:16","guid":{"rendered":"http:\/\/www.lospoliticosveracruz.com.mx\/?p=73148"},"modified":"2021-05-17T09:04:20","modified_gmt":"2021-05-17T14:04:20","slug":"unanue-con-broche-de-oro","status":"publish","type":"post","link":"https:\/\/lospoliticosveracruz.com.mx\/?p=73148","title":{"rendered":"Unanue, con broche de oro"},"content":{"rendered":"\n<p><em>Boca del R\u00edo<\/em><br>El candidato a la Presidencia Municipal de Boca del R\u00edo por el Partido Acci\u00f3n Nacional (PAN), Juan Manuel Un\u00e1nue durante esta semana mantuvo una intensa agenda de trabajo para dar a conocer su plan para reactivar la actividad econ\u00f3mica del municipio y generar empleos.<\/p>\n\n\n\n<div class=\"wp-block-image\"><figure class=\"alignleft size-large\"><a href=\"http:\/\/www.lospoliticosveracruz.com.mx\/wp-content\/uploads\/2021\/05\/Batalla-Cordoba.jpeg\"><img decoding=\"async\" src=\"http:\/\/www.lospoliticosveracruz.com.mx\/wp-content\/uploads\/2021\/05\/Batalla-Cordoba.jpeg\" alt=\"\" class=\"wp-image-72571\"\/><\/a><\/figure><\/div>\n\n\n\n<p>Entre sus propuestas est\u00e1 el programa de vinculaci\u00f3n laboral brindando capacitaci\u00f3n para que la gente est\u00e9 m\u00e1s preparada y tenga un empleo mejor pagado.<\/p>\n\n\n\n<p>La promoci\u00f3n del empleo, simplificando a partir del 2022 los tr\u00e1mites y servicios para promover la inversi\u00f3n y la realizaci\u00f3n de ferias del empleo.<\/p>\n\n\n\n<p>El apoyo a los emprendedores con capacitaci\u00f3n y acompa\u00f1amiento en el desarrollo del plan de negocios, la vinculaci\u00f3n de las Pymes con instituciones bancarias, las ferias del emprendimiento.<\/p>\n\n\n\n<p>Adem\u00e1s de impulsar beneficios fiscales en apoyo a la econom\u00eda comercial con el otorgamiento de incentivos y descuentos; y el reforzamiento de la promoci\u00f3n tur\u00edstica de Boca del R\u00edo.<\/p>\n\n\n\n<p>\u201cBoca del R\u00edo es un municipio cuya econom\u00eda se basa principalmente en la actividad comercial y de servicios tur\u00edsticos, y este sector todo nuestro apoyo\u201d, concluy\u00f3 Un\u00e1nue quien esta semana se reuni\u00f3 con integrantes de la Canaco, de Coparmex, de CMIC, con la Asociaci\u00f3n de Hoteles y Moteles, y con mujeres empresarias.<\/p>\n\n\n\n<p>El candidato a la alcald\u00eda de Boca del R\u00edo del PAN, Juan Manuel Un\u00e1nue este domingo se reuni\u00f3 con miembros de la Asociaci\u00f3n de Restauranteros de Boca del R\u00edo y realiz\u00f3 su recorrido de campa\u00f1a en la Cabecera Municipal y el Tianguis de la Calle 8 de la Colonia Carranza.<\/p>\n","protected":false},"excerpt":{"rendered":"<p>Boca del R\u00edoEl candidato a la Presidencia Municipal de Boca del R\u00edo por el Partido Acci\u00f3n Nacional (PAN), Juan Manuel Un\u00e1nue durante esta semana mantuvo una intensa agenda de trabajo para dar a conocer su plan para reactivar la actividad econ\u00f3mica del municipio y generar empleos. Entre sus propuestas est\u00e1 el programa de vinculaci\u00f3n laboral [&hellip;]<\/p>\n","protected":false},"author":2,"featured_media":0,"comment_status":"closed","ping_status":"closed","sticky":false,"template":"","format":"standard","meta":{"_jetpack_newsletter_access":"","_jetpack_dont_email_post_to_subs":false,"_jetpack_newsletter_tier_id":0,"_jetpack_memberships_contains_paywalled_content":false,"_jetpack_memberships_contains_paid_content":false,"footnotes":""},"categories":[73],"tags":[601,6732,266,27449,195],"class_list":["post-73148","post","type-post","status-publish","format-standard","hentry","category-de-boleto","tag-boca-del-rio","tag-juan-manuel-de-unanue","tag-pan","tag-servicios-turisticos","tag-veracruz"],"jetpack_featured_media_url":"","jetpack_sharing_enabled":true,"jetpack_shortlink":"https:\/\/wp.me\/p4Qcd3-j1O","_links":{"self":[{"href":"https:\/\/lospoliticosveracruz.com.mx\/index.php?rest_route=\/wp\/v2\/posts\/73148","targetHints":{"allow":["GET"]}}],"collection":[{"href":"https:\/\/lospoliticosveracruz.com.mx\/index.php?rest_route=\/wp\/v2\/posts"}],"about":[{"href":"https:\/\/lospoliticosveracruz.com.mx\/index.php?rest_route=\/wp\/v2\/types\/post"}],"author":[{"embeddable":true,"href":"https:\/\/lospoliticosveracruz.com.mx\/index.php?rest_route=\/wp\/v2\/users\/2"}],"replies":[{"embeddable":true,"href":"https:\/\/lospoliticosveracruz.com.mx\/index.php?rest_route=%2Fwp%2Fv2%2Fcomments&post=73148"}],"version-history":[{"count":2,"href":"https:\/\/lospoliticosveracruz.com.mx\/index.php?rest_route=\/wp\/v2\/posts\/73148\/revisions"}],"predecessor-version":[{"id":73173,"href":"https:\/\/lospoliticosveracruz.com.mx\/index.php?rest_route=\/wp\/v2\/posts\/73148\/revisions\/73173"}],"wp:attachment":[{"href":"https:\/\/lospoliticosveracruz.com.mx\/index.php?rest_route=%2Fwp%2Fv2%2Fmedia&parent=73148"}],"wp:term":[{"taxonomy":"category","embeddable":true,"href":"https:\/\/lospoliticosveracruz.com.mx\/index.php?rest_route=%2Fwp%2Fv2%2Fcategories&post=73148"},{"taxonomy":"post_tag","embeddable":true,"href":"https:\/\/lospoliticosveracruz.com.mx\/index.php?rest_route=%2Fwp%2Fv2%2Ftags&post=73148"}],"curies":[{"name":"wp","href":"https:\/\/api.w.org\/{rel}","templated":true}]}}