{"id":73203,"date":"2021-05-17T11:05:29","date_gmt":"2021-05-17T16:05:29","guid":{"rendered":"http:\/\/www.lospoliticosveracruz.com.mx\/?p=73203"},"modified":"2021-05-17T11:05:34","modified_gmt":"2021-05-17T16:05:34","slug":"vicho-gana-porque-gana","status":"publish","type":"post","link":"https:\/\/lospoliticosveracruz.com.mx\/?p=73203","title":{"rendered":"Vicho, gana porque gana!"},"content":{"rendered":"\n<p><strong>Xalapa<\/strong><\/p>\n\n\n\n<p>El candidato por la alianza Xalapa Va, parece que gana porque gana en estas elecciones\u2026 bueno, primero falta lo que digan las urnas, tanto en Xalapa como en Misantla, pero si el voto favorece al candidato de la Se\u00f1orial, Fernando Rodr\u00edguez, su primer gran proyecto estar\u00e1 con una Plaza tama\u00f1o caguamo! Esto, de acuerdo a lo que el mismo candidato expuso en sus redes sociales:<\/p>\n\n\n\n<figure class=\"wp-block-gallery columns-3 is-cropped wp-block-gallery-1 is-layout-flex wp-block-gallery-is-layout-flex\"><ul class=\"blocks-gallery-grid\"><li class=\"blocks-gallery-item\"><figure><a href=\"http:\/\/www.lospoliticosveracruz.com.mx\/wp-content\/uploads\/2021\/05\/WhatsApp-Image-2021-05-17-at-11.02.26.jpeg\"><img decoding=\"async\" src=\"http:\/\/www.lospoliticosveracruz.com.mx\/wp-content\/uploads\/2021\/05\/WhatsApp-Image-2021-05-17-at-11.02.26-1024x576.jpeg\" alt=\"\" data-id=\"73207\" data-full-url=\"http:\/\/www.lospoliticosveracruz.com.mx\/wp-content\/uploads\/2021\/05\/WhatsApp-Image-2021-05-17-at-11.02.26.jpeg\" data-link=\"http:\/\/www.lospoliticosveracruz.com.mx\/?attachment_id=73207\" class=\"wp-image-73207\"\/><\/a><\/figure><\/li><li class=\"blocks-gallery-item\"><figure><a href=\"http:\/\/www.lospoliticosveracruz.com.mx\/wp-content\/uploads\/2021\/05\/WhatsApp-Image-2021-05-17-at-11.02.25-2.jpeg\"><img decoding=\"async\" src=\"http:\/\/www.lospoliticosveracruz.com.mx\/wp-content\/uploads\/2021\/05\/WhatsApp-Image-2021-05-17-at-11.02.25-2-1024x576.jpeg\" alt=\"\" data-id=\"73205\" data-full-url=\"http:\/\/www.lospoliticosveracruz.com.mx\/wp-content\/uploads\/2021\/05\/WhatsApp-Image-2021-05-17-at-11.02.25-2.jpeg\" data-link=\"http:\/\/www.lospoliticosveracruz.com.mx\/?attachment_id=73205\" class=\"wp-image-73205\"\/><\/a><\/figure><\/li><li class=\"blocks-gallery-item\"><figure><a href=\"http:\/\/www.lospoliticosveracruz.com.mx\/wp-content\/uploads\/2021\/05\/WhatsApp-Image-2021-05-17-at-11.02.25-1.jpeg\"><img decoding=\"async\" src=\"http:\/\/www.lospoliticosveracruz.com.mx\/wp-content\/uploads\/2021\/05\/WhatsApp-Image-2021-05-17-at-11.02.25-1-1024x576.jpeg\" alt=\"\" data-id=\"73204\" data-full-url=\"http:\/\/www.lospoliticosveracruz.com.mx\/wp-content\/uploads\/2021\/05\/WhatsApp-Image-2021-05-17-at-11.02.25-1.jpeg\" data-link=\"http:\/\/www.lospoliticosveracruz.com.mx\/?attachment_id=73204\" class=\"wp-image-73204\"\/><\/a><\/figure><\/li><\/ul><\/figure>\n\n\n\n<p><br>\u201cCuando me reun\u00ed con el empresario David Velasco Chedraui me dijo: \u2018Fernando, cuando seas Presidente Municipal, vamos a hacer esta plaza que tanto quieren los misantecos\u2019. Y me siento muy contento de compart\u00edrselos, porque esta importante inversi\u00f3n privada ser\u00e1 fundamental para seguir construyendo el futuro de Misantla. Tendr\u00e1 3 salas de cine, Chedraui, 30 locales comerciales, 150 cajones de estacionamiento y cada d\u00eda falta menos para hacerla realidad\u201d.<br>Claro, si gana Fernando, tambi\u00e9n gana el empresario, aunque pierda el pol\u00edtico.<\/p>\n","protected":false},"excerpt":{"rendered":"<p>Xalapa El candidato por la alianza Xalapa Va, parece que gana porque gana en estas elecciones\u2026 bueno, primero falta lo que digan las urnas, tanto en Xalapa como en Misantla, pero si el voto favorece al candidato de la Se\u00f1orial, Fernando Rodr\u00edguez, su primer gran proyecto estar\u00e1 con una Plaza tama\u00f1o caguamo! Esto, de acuerdo [&hellip;]<\/p>\n","protected":false},"author":2,"featured_media":0,"comment_status":"closed","ping_status":"closed","sticky":false,"template":"","format":"standard","meta":{"_jetpack_newsletter_access":"","_jetpack_dont_email_post_to_subs":false,"_jetpack_newsletter_tier_id":0,"_jetpack_memberships_contains_paywalled_content":false,"_jetpack_memberships_contains_paid_content":false,"footnotes":""},"categories":[74],"tags":[593,407,721,28067,28068,201,28069],"class_list":["post-73203","post","type-post","status-publish","format-standard","hentry","category-lavadero","tag-chedraui","tag-david-velasco-chedraui","tag-elecciones","tag-fernando-rodriguez","tag-misantecos","tag-misantla","tag-salas-de-cine"],"jetpack_featured_media_url":"","jetpack_sharing_enabled":true,"jetpack_shortlink":"https:\/\/wp.me\/p4Qcd3-j2H","_links":{"self":[{"href":"https:\/\/lospoliticosveracruz.com.mx\/index.php?rest_route=\/wp\/v2\/posts\/73203","targetHints":{"allow":["GET"]}}],"collection":[{"href":"https:\/\/lospoliticosveracruz.com.mx\/index.php?rest_route=\/wp\/v2\/posts"}],"about":[{"href":"https:\/\/lospoliticosveracruz.com.mx\/index.php?rest_route=\/wp\/v2\/types\/post"}],"author":[{"embeddable":true,"href":"https:\/\/lospoliticosveracruz.com.mx\/index.php?rest_route=\/wp\/v2\/users\/2"}],"replies":[{"embeddable":true,"href":"https:\/\/lospoliticosveracruz.com.mx\/index.php?rest_route=%2Fwp%2Fv2%2Fcomments&post=73203"}],"version-history":[{"count":1,"href":"https:\/\/lospoliticosveracruz.com.mx\/index.php?rest_route=\/wp\/v2\/posts\/73203\/revisions"}],"predecessor-version":[{"id":73208,"href":"https:\/\/lospoliticosveracruz.com.mx\/index.php?rest_route=\/wp\/v2\/posts\/73203\/revisions\/73208"}],"wp:attachment":[{"href":"https:\/\/lospoliticosveracruz.com.mx\/index.php?rest_route=%2Fwp%2Fv2%2Fmedia&parent=73203"}],"wp:term":[{"taxonomy":"category","embeddable":true,"href":"https:\/\/lospoliticosveracruz.com.mx\/index.php?rest_route=%2Fwp%2Fv2%2Fcategories&post=73203"},{"taxonomy":"post_tag","embeddable":true,"href":"https:\/\/lospoliticosveracruz.com.mx\/index.php?rest_route=%2Fwp%2Fv2%2Ftags&post=73203"}],"curies":[{"name":"wp","href":"https:\/\/api.w.org\/{rel}","templated":true}]}}