{"id":73412,"date":"2021-05-19T11:50:09","date_gmt":"2021-05-19T16:50:09","guid":{"rendered":"http:\/\/www.lospoliticosveracruz.com.mx\/?p=73412"},"modified":"2021-05-19T11:50:13","modified_gmt":"2021-05-19T16:50:13","slug":"tato-los-motivara-a-invertir","status":"publish","type":"post","link":"https:\/\/lospoliticosveracruz.com.mx\/?p=73412","title":{"rendered":"Tato los motivar\u00e1 a invertir"},"content":{"rendered":"\n<p><strong>Xalapa<\/strong><br>La reactivaci\u00f3n econ\u00f3mica en el pa\u00eds debe comenzar con empleos bien remunerados para que las familias tengas asegurado el sustento, por lo que desde el Congreso de la Uni\u00f3n impulsaremos un paquete de incentivos fiscales para los empresarios que se comprometan a generar fuentes laborales con las prestaciones marcadas en la ley.<br>As\u00ed lo asegur\u00f3 Eduardo Vega Yunes, candidato de Fuerza por M\u00e9xico a la diputaci\u00f3n federal por el distrito de Xalapa Rural, quien dijo que \u00e9ste esquema tambi\u00e9n beneficiar\u00eda a los j\u00f3venes que actualmente reciben una beca por parte del gobierno, pues se propondr\u00e1n mecanismos para que los estudiantes innovadores puedan potenciar su talento e insertarlos en el sector productivo.<br>Al reunirse con representantes del sector empresarial de Xalapa y la regi\u00f3n, Vega Yunes quien reconoci\u00f3 que el acompa\u00f1amiento a la iniciativa privada durante esta crisis ocasionada por la pandemia de Covid-19 no ha sido suficiente para revertir la situaci\u00f3n, por lo que desde la C\u00e1mara de Diputados habr\u00e1 un enfoque prioritario a la mejora de la econom\u00eda regional.<br>En este sentido, Tato Vega adelant\u00f3 que como representante popular, tambi\u00e9n impulsar\u00e1 que en Veracruz se apliquen tarifas el\u00e9ctricas preferenciales, como ya se hizo en Tabasco, Iniciativa que beneficiar\u00eda principalmente a los habitantes de los municipios costeros de la entidad, donde las temperaturas son m\u00e1s elevadas y se pagan cantidades exorbitantes por el fluido el\u00e9ctrico.<br>\u201cNo es una f\u00f3rmula m\u00e1gica, es la ruta que debemos impulsar para garantizar el bienestar de las familias. Creemos firmemente que el bienestar de las familias del distrito de Xalapa Rural empezar\u00e1 con incentivos fiscales a empresarios para garantizar la creaci\u00f3n de empleos bien remunerados\u201d, concluy\u00f3.<\/p>\n","protected":false},"excerpt":{"rendered":"<p>XalapaLa reactivaci\u00f3n econ\u00f3mica en el pa\u00eds debe comenzar con empleos bien remunerados para que las familias tengas asegurado el sustento, por lo que desde el Congreso de la Uni\u00f3n impulsaremos un paquete de incentivos fiscales para los empresarios que se comprometan a generar fuentes laborales con las prestaciones marcadas en la ley.As\u00ed lo asegur\u00f3 Eduardo [&hellip;]<\/p>\n","protected":false},"author":2,"featured_media":0,"comment_status":"closed","ping_status":"closed","sticky":false,"template":"","format":"standard","meta":{"_jetpack_newsletter_access":"","_jetpack_dont_email_post_to_subs":false,"_jetpack_newsletter_tier_id":0,"_jetpack_memberships_contains_paywalled_content":false,"_jetpack_memberships_contains_paid_content":false,"footnotes":""},"categories":[73],"tags":[652,24637,16929],"class_list":["post-73412","post","type-post","status-publish","format-standard","hentry","category-de-boleto","tag-eduardo-vega-yunes","tag-fuerza-por-mexico","tag-pandemia"],"jetpack_featured_media_url":"","jetpack_sharing_enabled":true,"jetpack_shortlink":"https:\/\/wp.me\/p4Qcd3-j64","_links":{"self":[{"href":"https:\/\/lospoliticosveracruz.com.mx\/index.php?rest_route=\/wp\/v2\/posts\/73412","targetHints":{"allow":["GET"]}}],"collection":[{"href":"https:\/\/lospoliticosveracruz.com.mx\/index.php?rest_route=\/wp\/v2\/posts"}],"about":[{"href":"https:\/\/lospoliticosveracruz.com.mx\/index.php?rest_route=\/wp\/v2\/types\/post"}],"author":[{"embeddable":true,"href":"https:\/\/lospoliticosveracruz.com.mx\/index.php?rest_route=\/wp\/v2\/users\/2"}],"replies":[{"embeddable":true,"href":"https:\/\/lospoliticosveracruz.com.mx\/index.php?rest_route=%2Fwp%2Fv2%2Fcomments&post=73412"}],"version-history":[{"count":1,"href":"https:\/\/lospoliticosveracruz.com.mx\/index.php?rest_route=\/wp\/v2\/posts\/73412\/revisions"}],"predecessor-version":[{"id":73414,"href":"https:\/\/lospoliticosveracruz.com.mx\/index.php?rest_route=\/wp\/v2\/posts\/73412\/revisions\/73414"}],"wp:attachment":[{"href":"https:\/\/lospoliticosveracruz.com.mx\/index.php?rest_route=%2Fwp%2Fv2%2Fmedia&parent=73412"}],"wp:term":[{"taxonomy":"category","embeddable":true,"href":"https:\/\/lospoliticosveracruz.com.mx\/index.php?rest_route=%2Fwp%2Fv2%2Fcategories&post=73412"},{"taxonomy":"post_tag","embeddable":true,"href":"https:\/\/lospoliticosveracruz.com.mx\/index.php?rest_route=%2Fwp%2Fv2%2Ftags&post=73412"}],"curies":[{"name":"wp","href":"https:\/\/api.w.org\/{rel}","templated":true}]}}