{"id":73547,"date":"2021-05-20T16:12:19","date_gmt":"2021-05-20T21:12:19","guid":{"rendered":"http:\/\/www.lospoliticosveracruz.com.mx\/?p=73547"},"modified":"2021-05-20T16:12:22","modified_gmt":"2021-05-20T21:12:22","slug":"fortin-tiene-con-que-maestra-lidia","status":"publish","type":"post","link":"https:\/\/lospoliticosveracruz.com.mx\/?p=73547","title":{"rendered":"Fort\u00edn tiene con qu\u00e9: Maestra Lidia"},"content":{"rendered":"\n<p><strong>Fort\u00edn de las Flores<br><\/strong>\u201cEl desarrollo de Fort\u00edn requiere que todas las instituciones hagan la tarea\u201d, dijo la maestra Lidia Aguirre a la representaci\u00f3n de la C\u00e1mara Nacional de la Industria de la Transformaci\u00f3n (CANACINTRA) delegaci\u00f3n C\u00f3rdoba.<\/p>\n\n\n\n<div class=\"wp-block-image\"><figure class=\"alignleft size-large\"><a href=\"http:\/\/www.lospoliticosveracruz.com.mx\/wp-content\/uploads\/2021\/05\/Batalla-Cordoba.jpeg\"><img decoding=\"async\" src=\"http:\/\/www.lospoliticosveracruz.com.mx\/wp-content\/uploads\/2021\/05\/Batalla-Cordoba.jpeg\" alt=\"\" class=\"wp-image-72571\"\/><\/a><\/figure><\/div>\n\n\n\n<p><br>Aguirre Gonz\u00e1lez detall\u00f3 a los industriales de la regi\u00f3n las propuestas que integran la plataforma Fort\u00edn Productivo entre las que destacan Primero Fort\u00edn, De Fort\u00edn para Mundo y Campo F\u00e9rtil, mediante las cuales se impulsar\u00e1n el consumo local, la producci\u00f3n y la comercializaci\u00f3n de productos manufacturados y del campo.<br>\u201cLas estrategias y programas que integran Fort\u00edn Productivo tienen como objetivo contribuir a la generaci\u00f3n de empleos y a mejorar los salarios, al tiempo de generar mayores ingresos en el municipio\u201d, indic\u00f3 la candidata de Movimiento Ciudadano a la presidencia municipal de Fort\u00edn, quien afirm\u00f3 que tiene el compromiso de reactivar la econom\u00eda sin descuidar el medio ambiente.<br>La maestra Lidia indic\u00f3 que su plataforma incluye impulso a mujeres emprendedoras y a mujeres que busquen completar su formaci\u00f3n profesional a trav\u00e9s de los programas Mujeres de Palabra y Mi Primer Empleo, adem\u00e1s de promover la innovaci\u00f3n t\u00e9cnica y tecnol\u00f3gica con apoyos a j\u00f3venes.<br>Explic\u00f3 que tambi\u00e9n el impulso al turismo y al sector servicios forma parte de las tareas que la sociedad le ha encargado para mejorar la situaci\u00f3n econ\u00f3mica en el municipio.<br>La abanderada de Movimiento Ciudadana se\u00f1al\u00f3 que su propuesta trabaja a favor de la construcci\u00f3n de un Fort\u00edn en Paz que promover\u00e1 las condiciones que dar\u00e1n certeza a la inversi\u00f3n, el patrimonio y la integridad de personas y empresas.<br>Como parte del ejercicio con empresarios, la maestra Lidia se comprometi\u00f3 a hacer m\u00e1s eficientes los servicios que brinda el Ayuntamiento, a combatir la corrupci\u00f3n en tr\u00e1mites municipales y a transparentar el origen, aplicaci\u00f3n y uso de los recursos p\u00fablicos.<br>\u201cTengo clara la tarea de transparentar los recursos municipales y de promover la inversi\u00f3n en infraestructura social con una visi\u00f3n de desarrollo econ\u00f3mico\u201d, a\u00f1adi\u00f3 Aguirre Gonz\u00e1lez.<br>Adelant\u00f3 que ya organiza estrategias para promover a Fort\u00edn en diferentes \u00e1mbitos comerciales y productivos, y para generar las condiciones que pondr\u00e1n en movimiento la econom\u00eda, procurar\u00e1n la paz e impulsar\u00e1n el capital humano, condiciones b\u00e1sicas para el crecimiento de empresas y personas.<\/p>\n","protected":false},"excerpt":{"rendered":"<p>Fort\u00edn de las Flores\u201cEl desarrollo de Fort\u00edn requiere que todas las instituciones hagan la tarea\u201d, dijo la maestra Lidia Aguirre a la representaci\u00f3n de la C\u00e1mara Nacional de la Industria de la Transformaci\u00f3n (CANACINTRA) delegaci\u00f3n C\u00f3rdoba. Aguirre Gonz\u00e1lez detall\u00f3 a los industriales de la regi\u00f3n las propuestas que integran la plataforma Fort\u00edn Productivo entre las [&hellip;]<\/p>\n","protected":false},"author":2,"featured_media":0,"comment_status":"closed","ping_status":"closed","sticky":false,"template":"","format":"standard","meta":{"_jetpack_newsletter_access":"","_jetpack_dont_email_post_to_subs":false,"_jetpack_newsletter_tier_id":0,"_jetpack_memberships_contains_paywalled_content":false,"_jetpack_memberships_contains_paid_content":false,"footnotes":""},"categories":[73],"tags":[3316,2209,27999,27705,2327,28181],"class_list":["post-73547","post","type-post","status-publish","format-standard","hentry","category-de-boleto","tag-canacintra","tag-fortin","tag-fortin-productivo","tag-lidia-aguirre","tag-movimiento-ciudadano","tag-presidencia-municipal-de-fortin"],"jetpack_featured_media_url":"","jetpack_sharing_enabled":true,"jetpack_shortlink":"https:\/\/wp.me\/p4Qcd3-j8f","_links":{"self":[{"href":"https:\/\/lospoliticosveracruz.com.mx\/index.php?rest_route=\/wp\/v2\/posts\/73547","targetHints":{"allow":["GET"]}}],"collection":[{"href":"https:\/\/lospoliticosveracruz.com.mx\/index.php?rest_route=\/wp\/v2\/posts"}],"about":[{"href":"https:\/\/lospoliticosveracruz.com.mx\/index.php?rest_route=\/wp\/v2\/types\/post"}],"author":[{"embeddable":true,"href":"https:\/\/lospoliticosveracruz.com.mx\/index.php?rest_route=\/wp\/v2\/users\/2"}],"replies":[{"embeddable":true,"href":"https:\/\/lospoliticosveracruz.com.mx\/index.php?rest_route=%2Fwp%2Fv2%2Fcomments&post=73547"}],"version-history":[{"count":1,"href":"https:\/\/lospoliticosveracruz.com.mx\/index.php?rest_route=\/wp\/v2\/posts\/73547\/revisions"}],"predecessor-version":[{"id":73549,"href":"https:\/\/lospoliticosveracruz.com.mx\/index.php?rest_route=\/wp\/v2\/posts\/73547\/revisions\/73549"}],"wp:attachment":[{"href":"https:\/\/lospoliticosveracruz.com.mx\/index.php?rest_route=%2Fwp%2Fv2%2Fmedia&parent=73547"}],"wp:term":[{"taxonomy":"category","embeddable":true,"href":"https:\/\/lospoliticosveracruz.com.mx\/index.php?rest_route=%2Fwp%2Fv2%2Fcategories&post=73547"},{"taxonomy":"post_tag","embeddable":true,"href":"https:\/\/lospoliticosveracruz.com.mx\/index.php?rest_route=%2Fwp%2Fv2%2Ftags&post=73547"}],"curies":[{"name":"wp","href":"https:\/\/api.w.org\/{rel}","templated":true}]}}