{"id":73550,"date":"2021-05-20T16:33:52","date_gmt":"2021-05-20T21:33:52","guid":{"rendered":"http:\/\/www.lospoliticosveracruz.com.mx\/?p=73550"},"modified":"2021-05-20T16:33:55","modified_gmt":"2021-05-20T21:33:55","slug":"dos-anos-tocando-puertas-y-gobierno-no-abre-canaco","status":"publish","type":"post","link":"https:\/\/lospoliticosveracruz.com.mx\/?p=73550","title":{"rendered":"Dos a\u00f1os tocando puertas y Gobierno no abre: Canaco"},"content":{"rendered":"\n<p><strong>Veracruz<br><\/strong>Es importante lograr alcanzar el n\u00famero necesario de diputados del PRI, de Va por M\u00e9xico, y de Veracruz Va, para que generen contrapesos y eviten que esa mayor\u00eda de Morena, a la que ha quedado claro no le importa el sector empresarial, la generaci\u00f3n de empleos, ni el crecimiento econ\u00f3mico, siga haciendo da\u00f1o, se\u00f1al\u00f3, Marlon Ram\u00edrez Mar\u00edn, presidente del CDE del PRI en Veracruz.<\/p>\n\n\n\n<div class=\"wp-block-image\"><figure class=\"alignleft size-large\"><a href=\"http:\/\/www.lospoliticosveracruz.com.mx\/wp-content\/uploads\/2021\/05\/Batalla-Cordoba.jpeg\"><img decoding=\"async\" src=\"http:\/\/www.lospoliticosveracruz.com.mx\/wp-content\/uploads\/2021\/05\/Batalla-Cordoba.jpeg\" alt=\"\" class=\"wp-image-72571\"\/><\/a><\/figure><\/div>\n\n\n\n<p><br>\u201cSi no tenemos el n\u00famero de diputados para poder hacer realidad las propuestas, no vamos a salir adelante. Por ello construimos una alianza inteligente, que permita a la ciudad de Veracruz, a sus prestadores de servicios, al comercio y al turismo, tener en el Congreso del Estado, gente que pueda servirles a ellos y a Veracruz\u201d, dijo durante la entrega de propuestas de empresarios de comercio, a candidatos a la diputaci\u00f3n local, convocada por la C\u00e1mara Nacional de Comercio, Servicios y Turismo de Veracruz (CANACO SERVYTUR).<br>\u201cNos quitaron todo lo que ten\u00edamos, porque se rompieron los equilibrios, la gente determin\u00f3 votar masivamente por la opci\u00f3n de la fe y la esperanza, y eso hizo que Morena tuviera una mayor\u00eda absoluta en el Congreso; hoy tenemos una crisis en la que est\u00e1 sumido el pa\u00eds, una crisis constitucional, una crisis sanitaria, una crisis de gobernabilidad y la \u00fanica opci\u00f3n para contrarrestar, es construir la alianza en lo local y en lo federal\u201d, agreg\u00f3, el tambi\u00e9n candidato a la diputaci\u00f3n local plurinominal.<br>Indic\u00f3, que todo el tiempo se ha buscado un di\u00e1logo con el gobierno de Veracruz, para conocer sus agendas, y para proponer, porque como oposici\u00f3n responsable no se le apuesta a que le vaya mal a Veracruz, y record\u00f3 un video que se present\u00f3 el pasado 31 de marzo de 2020, que conten\u00eda una propuesta de seis acciones espec\u00edficas para enfrentar el Covid-19 en todos los rubros, pero la respuesta fue nula.<br>Durante el encuentro, Marlon Ram\u00edrez Mar\u00edn, reconoci\u00f3 a la CANACO Veracruz, que, junto con otras organizaciones sociales, empresariales y fundaciones, hayan firmado este d\u00eda un pronunciamiento en el que rechazan que sea el gobierno estatal quien decida qui\u00e9n puede o no competir en las elecciones; \u201cpermitir que como veracruzanos nos quiten el derecho de elegir ser\u00eda imperdonable.\u201d<br>Cabe destacar que el presidente de Canaco, moderador y anfitri\u00f3n del encuentro, Jos\u00e9 Antonio Mendoza Garc\u00eda, coment\u00f3: \u201ctenemos una tarea muy fuerte, hemos estado dos a\u00f1os tocando puertas al gobierno estatal y las puertas est\u00e1n cerradas, no se diga del gobierno federal, no hemos tenido la iniciativa privada el apoyo de nuestros gobernantes, estamos trabajando unidos los organismos empresariales y tratando de mantenernos.\u201d<br>En este ejercicio con la CANACO, particip\u00f3 la diputada federal con licencia, y candidata a la diputaci\u00f3n local plurinominal, Anilu Ingram Vallines, quien detall\u00f3 que entre sus propuestas est\u00e1 el replicar y armonizar para el estado de Veracruz, lo que se hizo en San L\u00e1zaro, como la aprobaci\u00f3n de la Ley Olimpia, la Ley Ingrid, violencia comunitaria, las alertas de violencia de g\u00e9nero y la iniciativa 3 de 3.<br>En materia de reactivaci\u00f3n econ\u00f3mica, propone incentivos fiscales; en caso de crisis eliminar o reducir impuestos estatales por un periodo determinado, como medida de apoyo reducir el impuesto a la n\u00f3mina, y garantizar que los recursos generados por este concepto se apliquen conforme a la ley con esquema de transparencia y de rendici\u00f3n de cuentas; financiamiento a mipymes, acceso a cr\u00e9ditos con tasas preferenciales; un seguro de desempleo, programas de capacitaci\u00f3n para el trabajo, apoyo para emprendedores, entre otros.<br>Para concluir, enfatiz\u00f3 que lo vivido en San L\u00e1zaro con la mayor\u00eda de Morena, fue la irresponsabilidad, y a pesar de que se ha defendido con todo, se han hecho las reflexiones pertinentes con argumentos s\u00f3lidos, no se ha podido avanzar, por ello se requieren los equilibrios, \u201clas mayor\u00edas no benefician a Veracruz y a M\u00e9xico, no permiten fortalecer la democracia.\u201d<\/p>\n","protected":false},"excerpt":{"rendered":"<p>VeracruzEs importante lograr alcanzar el n\u00famero necesario de diputados del PRI, de Va por M\u00e9xico, y de Veracruz Va, para que generen contrapesos y eviten que esa mayor\u00eda de Morena, a la que ha quedado claro no le importa el sector empresarial, la generaci\u00f3n de empleos, ni el crecimiento econ\u00f3mico, siga haciendo da\u00f1o, se\u00f1al\u00f3, Marlon [&hellip;]<\/p>\n","protected":false},"author":2,"featured_media":0,"comment_status":"closed","ping_status":"closed","sticky":false,"template":"","format":"standard","meta":{"_jetpack_newsletter_access":"","_jetpack_dont_email_post_to_subs":false,"_jetpack_newsletter_tier_id":0,"_jetpack_memberships_contains_paywalled_content":false,"_jetpack_memberships_contains_paid_content":false,"footnotes":""},"categories":[73],"tags":[19549,6816,14685,14674,2908,17298,22004,19518,195,25692],"class_list":["post-73550","post","type-post","status-publish","format-standard","hentry","category-de-boleto","tag-camara-nacional-de-comercio","tag-canaco","tag-jose-antonio-mendoza-garcia","tag-ley-olimpia","tag-marlon-ramirez-marin","tag-mipymes","tag-plurinominal","tag-servytur","tag-veracruz","tag-veracruz-va"],"jetpack_featured_media_url":"","jetpack_sharing_enabled":true,"jetpack_shortlink":"https:\/\/wp.me\/p4Qcd3-j8i","_links":{"self":[{"href":"https:\/\/lospoliticosveracruz.com.mx\/index.php?rest_route=\/wp\/v2\/posts\/73550","targetHints":{"allow":["GET"]}}],"collection":[{"href":"https:\/\/lospoliticosveracruz.com.mx\/index.php?rest_route=\/wp\/v2\/posts"}],"about":[{"href":"https:\/\/lospoliticosveracruz.com.mx\/index.php?rest_route=\/wp\/v2\/types\/post"}],"author":[{"embeddable":true,"href":"https:\/\/lospoliticosveracruz.com.mx\/index.php?rest_route=\/wp\/v2\/users\/2"}],"replies":[{"embeddable":true,"href":"https:\/\/lospoliticosveracruz.com.mx\/index.php?rest_route=%2Fwp%2Fv2%2Fcomments&post=73550"}],"version-history":[{"count":1,"href":"https:\/\/lospoliticosveracruz.com.mx\/index.php?rest_route=\/wp\/v2\/posts\/73550\/revisions"}],"predecessor-version":[{"id":73552,"href":"https:\/\/lospoliticosveracruz.com.mx\/index.php?rest_route=\/wp\/v2\/posts\/73550\/revisions\/73552"}],"wp:attachment":[{"href":"https:\/\/lospoliticosveracruz.com.mx\/index.php?rest_route=%2Fwp%2Fv2%2Fmedia&parent=73550"}],"wp:term":[{"taxonomy":"category","embeddable":true,"href":"https:\/\/lospoliticosveracruz.com.mx\/index.php?rest_route=%2Fwp%2Fv2%2Fcategories&post=73550"},{"taxonomy":"post_tag","embeddable":true,"href":"https:\/\/lospoliticosveracruz.com.mx\/index.php?rest_route=%2Fwp%2Fv2%2Ftags&post=73550"}],"curies":[{"name":"wp","href":"https:\/\/api.w.org\/{rel}","templated":true}]}}