{"id":7368,"date":"2010-08-25T02:52:00","date_gmt":"2010-08-25T02:52:00","guid":{"rendered":"http:\/\/www.lospoliticosveracruz.com.mx\/?p=7368"},"modified":"2014-10-09T03:42:58","modified_gmt":"2014-10-09T03:42:58","slug":"la-infraestructura-sanitaria-de-xalapa","status":"publish","type":"post","link":"https:\/\/lospoliticosveracruz.com.mx\/?p=7368","title":{"rendered":"La infraestructura sanitaria de Xalapa"},"content":{"rendered":"<blockquote><p>* Fidel y Javier en la cumbre de Ixtapan<br \/>* Develar\u00e1n en breve estatua de Chedraui<\/p><\/blockquote>\n<p><strong>Jos\u00e9 Ortiz Medina<\/strong><br \/><em>En Corto&#8230; sin Cortes<\/em><\/p>\n<p>El gobernador Fidel Herrera Beltr\u00e1n hizo bien en aplaudir la reestructuraci\u00f3n del cr\u00e9dito de la CMAS con Banobras por el Programa Integral de Saneamiento.<br \/>El Ayuntamiento que encabeza el alcalde David Velasco Chedraui, ha sido la \u00fanica administraci\u00f3n que ha puesto de sus recursos para el pago de este cr\u00e9dito y gestionado tanto fondos federales como estatales para el desarrollo de infraestructura sanitaria.<br \/>Tal es el caso de la Planta de Tratamiento de Aguas Residuales que est\u00e1 concluida al 100 por ciento y procesa 750 litros por segundo; las redes de atarjeas y drenaje de las colonias Vicente Guerrero y Casa Blanca, y colectores como el R\u00e9bsamen, Murillo Vidal y Noreste, entre otros.<br \/>Las obras que incluyen en Programa Integral de Saneamiento est\u00e1n concluidas y funcionando y para el que quiera constatarlo puede ir a la planta de tratamiento ubicada en el ejido La Palma de Emiliano Zapata.<\/p>\n<p>ALL\u00c1 EN EL Estado de M\u00e9xico se reunieron los diputados federales pri\u00edstas, en el restaurante Los Amates de Ixtapan de la Sal, para definir las l\u00edneas de acci\u00f3n y de discurso ahora que la LXI Legislatura inicia un periodo ordinario m\u00e1s de sesiones. Ah\u00ed, en el centro de la comida que reuni\u00f3 a los legisladores federales, tambi\u00e9n hubo senadores, los gobernadores constitucionales como Fidel Herrera Beltr\u00e1n, y electos como Javier Duarte de Ochoa, quienes analizaron los grandes temas de la agenda nacional. Al centro y minutos antes de la inauguraci\u00f3n, los veracruzanos compartieron la mesa con Salvador S\u00e1nchez Estrada, el secretario de Finanzas y Planeaci\u00f3n, y el ex dirigente Jorge Carvallo Delf\u00edn, pero lejitos o muy alejadito estuvo el diputado Jos\u00e9 Yunes Zorrilla. Pero la reuni\u00f3n fue todav\u00eda m\u00e1s emblem\u00e1tica porque del encuentro a puerta cerrada salieron los gobernadores con sus sucesores y los primeros en salir fueron Fidel Herrera Beltr\u00e1n y Javier Duarte de Ochoa para hablar de los tiempos decisivos para el pa\u00eds y de la contribuci\u00f3n que debe hacer la agenda legislativa pri\u00edsta a la naci\u00f3n.<\/p>\n<p>LA EFERVESCENCIA por la sucesi\u00f3n en el Colegio de Veracruz est\u00e1 a todo lo que da. Incluso, circula la versi\u00f3n de que &#8211;tal vez para apaciguar las aguas y posponer unos d\u00edas m\u00e1s la elecci\u00f3n del nuevo director del Colver&#8211; se habr\u00eda omitido del orden del d\u00eda de la pr\u00f3xima asamblea de la Junta de Gobierno de ese organismo, el tema de la designaci\u00f3n. En ese tenor, el jueves no se contemplar\u00eda la discusi\u00f3n de la terna y se dejar\u00eda para otra ocasi\u00f3n, tal vez para unas tres o cuatro semanas.  Mientras tanto, siguen sonando los nombres de los candidatos, que seg\u00fan el gobernador Fidel Herrera suman alrededor de 20. Los m\u00e1s mencionados por los medios de comunicaci\u00f3n son Rafael Vela Mart\u00ednez, quien hace poco aclar\u00f3 que s\u00ed cuenta con el grado de Doctor, adem\u00e1s de ser el investigador con m\u00e1s publicaciones (nueve, en un per\u00edodo de cuatro a\u00f1os). De igual forma se mueve Jes\u00fas Alberto L\u00f3pez Gonz\u00e1lez, a quien no se le conoce ninguna publicaci\u00f3n, requisito indispensable para seguir en la plantilla de investigadores de dicho colegio. De igual forma, a L\u00f3pez Gonz\u00e1lez se le cuestionan su raqu\u00edtica trayectoria laboral y profesional, raz\u00f3n por la cual no fue aceptado como consejero del  IVAI. Y otro que suspira es Ren\u00e9 \u00c1lvarez Montero, quien actualmente funge como consejero suplente en la Junta de Gobierno del Colver, motivo por el cual podr\u00eda estar impedido pues no puede ser juez y parte. Pero a ver qu\u00e9 pasa. <\/p>\n<p>MUCHOS SE han preguntado, qui\u00e9n es Edda Arrez Rebolledo, pr\u00f3xima directora del Instituto Veracruzano de la Mujer. Pues bien. Edda cuenta con un Doctorado en Administraci\u00f3n P\u00fablica (Instituto de Administraci\u00f3n P\u00fablica de Veracruz) as\u00ed como el Doctorado en Sociedades Multiculturales y Estudios Interculturales por la Universidad de Granada y Universidad Veracruzana. Asimismo, curs\u00f3 la Maestr\u00eda en Educaci\u00f3n (Universidad Pedag\u00f3gica Veracruzana); Licenciatura en Educaci\u00f3n Media. Especialidad en Espa\u00f1ol (Normal Superior Veracruzana) y Licenciatura en Educaci\u00f3n B\u00e1sica (Universidad Pedag\u00f3gica Veracruzana). Por si fuera poco, tambi\u00e9n es licenciada en Inform\u00e1tica, estudios que curs\u00f3 en la Facultad de Estad\u00edstica e Inform\u00e1tica de la Universidad Veracruzana. Entre su vasta trayectoria laboral y profesional destaca el haber sido directora de postgrado de la Universidad Pedag\u00f3gica Veracruzana; catedr\u00e1tica de diversas instituciones de educaci\u00f3n superior; profesora de Educaci\u00f3n Preescolar y Primaria. Hasta hace poco se desempe\u00f1aba como directora del Servicio Nacional de Empleo en Veracruz.   <\/p>\n<p>HA SIDO colocada ya la estatua del insigne empresario veracruzano Antonio Chedraui Caram en el puente que llevar\u00e1 su nombre y que se ubica a la altura de Plaza Crystal. En los pr\u00f3ximos d\u00edas el gobernador Fidel Herrera Beltr\u00e1n develar\u00e1 el monumento. Se espera la presencia del alcalde de Xalapa, David Velasco Chedraui, nieto del extinto inversionista, as\u00ed como de otros familiares y amigos de Don Antonio. <\/p>\n<p>HABITANTES de zonas rurales de varios municipios de la margen derecha del r\u00edo Papaloapan \u2013y de manera particular de Chacaltianguis&#8211; le mandan un S.O.S. a la secretaria de Protecci\u00f3n Civil, Silvia Dom\u00ednguez L\u00f3pez, para que les manden despensas y dem\u00e1s apoyos. Literalmente no tienen nada qu\u00e9 comer. Lo peor del caso es que a los alcaldes cuenque\u00f1os no les han llegado las participaciones federales, por lo que no tienen ni un quinto para apoyar a los damnificados. \u00a1Help\u2026!, Do\u00f1a Silvia\u2026 \u00a1Help!<\/p>\n","protected":false},"excerpt":{"rendered":"<p>* Fidel y Javier en la cumbre de Ixtapan* Develar\u00e1n en breve estatua de Chedraui Jos\u00e9 Ortiz MedinaEn Corto&#8230; sin Cortes El gobernador Fidel Herrera Beltr\u00e1n hizo bien en aplaudir la reestructuraci\u00f3n del cr\u00e9dito de la CMAS con Banobras por el Programa Integral de Saneamiento.El Ayuntamiento que encabeza el alcalde David Velasco Chedraui, ha sido [&hellip;]<\/p>\n","protected":false},"author":1,"featured_media":0,"comment_status":"open","ping_status":"open","sticky":false,"template":"","format":"standard","meta":{"_jetpack_newsletter_access":"","_jetpack_dont_email_post_to_subs":false,"_jetpack_newsletter_tier_id":0,"_jetpack_memberships_contains_paywalled_content":false,"_jetpack_memberships_contains_paid_content":false,"footnotes":""},"categories":[1],"tags":[],"class_list":["post-7368","post","type-post","status-publish","format-standard","hentry","category-sin-categoria"],"jetpack_featured_media_url":"","jetpack_sharing_enabled":true,"jetpack_shortlink":"https:\/\/wp.me\/p4Qcd3-1UQ","_links":{"self":[{"href":"https:\/\/lospoliticosveracruz.com.mx\/index.php?rest_route=\/wp\/v2\/posts\/7368","targetHints":{"allow":["GET"]}}],"collection":[{"href":"https:\/\/lospoliticosveracruz.com.mx\/index.php?rest_route=\/wp\/v2\/posts"}],"about":[{"href":"https:\/\/lospoliticosveracruz.com.mx\/index.php?rest_route=\/wp\/v2\/types\/post"}],"author":[{"embeddable":true,"href":"https:\/\/lospoliticosveracruz.com.mx\/index.php?rest_route=\/wp\/v2\/users\/1"}],"replies":[{"embeddable":true,"href":"https:\/\/lospoliticosveracruz.com.mx\/index.php?rest_route=%2Fwp%2Fv2%2Fcomments&post=7368"}],"version-history":[{"count":0,"href":"https:\/\/lospoliticosveracruz.com.mx\/index.php?rest_route=\/wp\/v2\/posts\/7368\/revisions"}],"wp:attachment":[{"href":"https:\/\/lospoliticosveracruz.com.mx\/index.php?rest_route=%2Fwp%2Fv2%2Fmedia&parent=7368"}],"wp:term":[{"taxonomy":"category","embeddable":true,"href":"https:\/\/lospoliticosveracruz.com.mx\/index.php?rest_route=%2Fwp%2Fv2%2Fcategories&post=7368"},{"taxonomy":"post_tag","embeddable":true,"href":"https:\/\/lospoliticosveracruz.com.mx\/index.php?rest_route=%2Fwp%2Fv2%2Ftags&post=7368"}],"curies":[{"name":"wp","href":"https:\/\/api.w.org\/{rel}","templated":true}]}}