{"id":7369,"date":"2010-08-25T02:50:00","date_gmt":"2010-08-25T02:50:00","guid":{"rendered":"http:\/\/www.lospoliticosveracruz.com.mx\/?p=7369"},"modified":"2014-10-09T03:42:58","modified_gmt":"2014-10-09T03:42:58","slug":"capacitar-antes-que-extender-el-periodo","status":"publish","type":"post","link":"https:\/\/lospoliticosveracruz.com.mx\/?p=7369","title":{"rendered":"Capacitar antes que extender el periodo"},"content":{"rendered":"<p><strong>Luis Alberto Romero<\/strong><\/p>\n<p>Luego de que el gobernador Fidel Herrera anunciara que presentar\u00e1 ante la Legislatura del estado la iniciativa para ampliar de tres a cuatro a\u00f1os el periodo de los ayuntamientos, llegaron en cascada las voces a favor y en contra. <br \/>Desde el panismo, las se\u00f1ales son encontradas porque mientras unos se muestran a favor de ese planteamiento, como el diputado local Marco Antonio N\u00fa\u00f1ez, otros optan por la reelecci\u00f3n por un periodo de los alcaldes. En el priismo no esperar\u00edamos voces discordantes con el ejecutivo. Perredistas y convergentes se muestran cautos y proponen an\u00e1lisis a fondo de dicho tema.<br \/>Se trata de una iniciativa pol\u00e9mica, que requiere de una reforma a la Constituci\u00f3n pol\u00edtica del estado, en cuyo art\u00edculo 70 se establece que la duraci\u00f3n de los ayuntamientos ser\u00e1 de tres a\u00f1os; para realizar ese cambio es necesario una mayor\u00eda calificada en la Legislatura.<br \/>En el entorno nacional, Michoac\u00e1n y Coahuila ya cuentan con ayuntamientos que duran cuatro a\u00f1os. En el Estado de M\u00e9xico, hace un mes el gobernador Enrique Pe\u00f1a Nieto turn\u00f3 a la legislatura una iniciativa en el mismo sentido.<br \/>En el Estado de M\u00e9xico, por cierto, la iniciativa privada no s\u00f3lo se mostr\u00f3 de acuerdo con la ampliaci\u00f3n del periodo, sino que se pronunci\u00f3 a favor de que se discuta el tema de la reelecci\u00f3n.<br \/>Aqu\u00ed, Fidel Herrera declar\u00f3, respecto a esta iniciativa, que los alcaldes que llegan al cargo, durante el primer a\u00f1o se enteran de los problemas; el segundo realizan la planeaci\u00f3n y el tercero se van. Dijo tambi\u00e9n que un periodo de tres a\u00f1os es insuficiente y que los problemas de un municipio se resolver\u00edan mejor si las autoridades se mantuvieran por cuatro a\u00f1os. <br \/>En ese sentido, la pregunta que salta es: si no pueden hacer su trabajo en tres a\u00f1os, \u00bfpodr\u00e1n en cuatro?, lo dudo. Desafortunadamente, la gran mayor\u00eda de los alcaldes llegan al cargo sin preparaci\u00f3n, a ciegas; por ello, en muchos casos, la diferencia entre ayuntamientos de tres y de  cuatro a\u00f1os s\u00f3lo tiene que ver con el n\u00famero de quincenas que cobran y no con los resultados que ofrecen. <br \/>Y es que muchos nuevos alcaldes llegan al cargo sin un panorama claro de los problemas municipales, sin conocimiento siquiera de la Ley Org\u00e1nica del Municipio Libre, sin programas y planes de desarrollo, sin saber las facultades, derechos y obligaciones del ayuntamiento, sin idea del tema de impuestos, derechos, productos, aprovechamientos, participaciones, contribuciones, etc\u00e9tera. <br \/>El nuevo alcalde, cuando no est\u00e1 capacitado y preparado para ocupar ese puesto, es v\u00edctima de tesoreros, secretarios y directores que ejercen el poder real, en detrimento de la hacienda municipal.  <br \/>La Constituci\u00f3n Pol\u00edtica del Estado de Veracruz (Art. 69) y la Ley Org\u00e1nica del Municipio Libre (art. 20) enlistan los requisitos para ser edil: ser ciudadano veracruzano en pleno ejercicio de sus derechos; no pertenecer al estado eclesi\u00e1stico, ni ser ministro de alg\u00fan culto religioso; no ser servidor p\u00fablico en ejercicio de autoridad; saber leer y escribir y no tener antecedentes penales. La ley no distingue capacidad ni preparaci\u00f3n, cualquiera puede ser alcalde, de lo contrario no nos explicar\u00edamos que 103 presidentes municipales veracruzanos, casi la mitad, no cuentan con carrera profesional o t\u00e9cnica.<br \/>As\u00ed, el tema de la ampliaci\u00f3n del periodo municipal debe pasar primero por la preparaci\u00f3n y la capacitaci\u00f3n de las nuevas autoridades, por la fiscalizaci\u00f3n estricta de los recursos p\u00fablicos y por la obligatoria continuidad de los programas y planes de desarrollo, porque el municipio no se destruye ni se funda cada tres a\u00f1os. <\/p>\n<p>luisromero85@hotmail.com<\/p>\n","protected":false},"excerpt":{"rendered":"<p>Luis Alberto Romero Luego de que el gobernador Fidel Herrera anunciara que presentar\u00e1 ante la Legislatura del estado la iniciativa para ampliar de tres a cuatro a\u00f1os el periodo de los ayuntamientos, llegaron en cascada las voces a favor y en contra. Desde el panismo, las se\u00f1ales son encontradas porque mientras unos se muestran a [&hellip;]<\/p>\n","protected":false},"author":1,"featured_media":0,"comment_status":"open","ping_status":"open","sticky":false,"template":"","format":"standard","meta":{"_jetpack_newsletter_access":"","_jetpack_dont_email_post_to_subs":false,"_jetpack_newsletter_tier_id":0,"_jetpack_memberships_contains_paywalled_content":false,"_jetpack_memberships_contains_paid_content":false,"footnotes":""},"categories":[1],"tags":[],"class_list":["post-7369","post","type-post","status-publish","format-standard","hentry","category-sin-categoria"],"jetpack_featured_media_url":"","jetpack_sharing_enabled":true,"jetpack_shortlink":"https:\/\/wp.me\/p4Qcd3-1UR","_links":{"self":[{"href":"https:\/\/lospoliticosveracruz.com.mx\/index.php?rest_route=\/wp\/v2\/posts\/7369","targetHints":{"allow":["GET"]}}],"collection":[{"href":"https:\/\/lospoliticosveracruz.com.mx\/index.php?rest_route=\/wp\/v2\/posts"}],"about":[{"href":"https:\/\/lospoliticosveracruz.com.mx\/index.php?rest_route=\/wp\/v2\/types\/post"}],"author":[{"embeddable":true,"href":"https:\/\/lospoliticosveracruz.com.mx\/index.php?rest_route=\/wp\/v2\/users\/1"}],"replies":[{"embeddable":true,"href":"https:\/\/lospoliticosveracruz.com.mx\/index.php?rest_route=%2Fwp%2Fv2%2Fcomments&post=7369"}],"version-history":[{"count":0,"href":"https:\/\/lospoliticosveracruz.com.mx\/index.php?rest_route=\/wp\/v2\/posts\/7369\/revisions"}],"wp:attachment":[{"href":"https:\/\/lospoliticosveracruz.com.mx\/index.php?rest_route=%2Fwp%2Fv2%2Fmedia&parent=7369"}],"wp:term":[{"taxonomy":"category","embeddable":true,"href":"https:\/\/lospoliticosveracruz.com.mx\/index.php?rest_route=%2Fwp%2Fv2%2Fcategories&post=7369"},{"taxonomy":"post_tag","embeddable":true,"href":"https:\/\/lospoliticosveracruz.com.mx\/index.php?rest_route=%2Fwp%2Fv2%2Ftags&post=7369"}],"curies":[{"name":"wp","href":"https:\/\/api.w.org\/{rel}","templated":true}]}}