{"id":7370,"date":"2010-08-24T04:52:00","date_gmt":"2010-08-24T04:52:00","guid":{"rendered":"http:\/\/www.lospoliticosveracruz.com.mx\/?p=7370"},"modified":"2014-10-09T03:42:58","modified_gmt":"2014-10-09T03:42:58","slug":"manana-la-reunion-climatica-de-cancun","status":"publish","type":"post","link":"https:\/\/lospoliticosveracruz.com.mx\/?p=7370","title":{"rendered":"Ma\u00f1ana, la reuni\u00f3n clim\u00e1tica de Canc\u00fan"},"content":{"rendered":"<blockquote><p>* Fidel Herrera dictar\u00e1 conferencia magistral<br \/>* Edda Arrez Rebolledo, directora del IVM<\/p><\/blockquote>\n<p><strong>Jos\u00e9 Ortiz Medina<\/strong><br \/><em>En Corto&#8230; sin Cortes<\/em><\/p>\n<p>Est\u00e1 todo listo para que el pr\u00f3ximo mi\u00e9rcoles sea inaugurado el VIII Congreso Nacional 2010 ICLEI-Gobiernos Locales por la Sustentabilidad que se efectuar\u00e1 en Canc\u00fan. El encuentro culminar\u00e1 el pr\u00f3ximo viernes.<br \/>Tal y como ya se lo hab\u00edamos adelantado hace una semana, el primer d\u00eda de esta reuni\u00f3n cumbre el gobernador Fidel Herrera Beltr\u00e1n, presidente de la Junta Directiva ICLEI-M\u00e9xico, dictar\u00e1 una conferencia magistral sobre la aplicaci\u00f3n del plan de acci\u00f3n clim\u00e1tica con que cuenta el Estado de Veracruz.<br \/>La inauguraci\u00f3n ser\u00e1 a las 10 de la ma\u00f1ana. Han sido invitados a dicha ceremonia el mandatario veracruzano, Jaime Hern\u00e1ndez Zaragoza, alcalde de Benito Ju\u00e1rez (Canc\u00fan), David Cadman, Presidente de ICLEI \u2013 Gobiernos Locales por la Sustentabilidad y Concejal de la Ciudad de Vancouver, Canad\u00e1.<br \/>F\u00e9lix Gonz\u00e1lez Canto, gobernador de Quintana Roo; Juan Rafael Elvira Quesada, Secretario de Medio Ambiente y Recursos Naturales.<br \/>Asimismo, Martha Delgado Peralta, Vicepresidenta del Comit\u00e9 Ejecutivo ICLEI-Gobiernos Locales por la Sustentabilidad y Secretaria de Medio Ambiente del Distrito Federal; Teresa Tattersfield, Oficial de Proyectos y Asesora de la Embajadora del Reino Unido en Cambio Clim\u00e1tico. <br \/>De igual forma estar\u00e1 presente Fernando A. Larrazabal Bret\u00f3n, Presidente de la Asociaci\u00f3n de Alcaldes de Acci\u00f3n Nacional (ANAC) y Presidente Municipal de Monterrey, Nuevo Le\u00f3n.<br \/>Aparte de Fidel Herrera Beltr\u00e1n, dictar\u00e1n conferencias magistrales Juan Rafael Elvira Quesada, titular de la Sermanat; Heriberto F\u00e9lix Guerra, secretario de Desarrollo Social y Marcelo Ebrard Casaub\u00f3n, Presidente del World Mayors Council on Climate Change y Jefe de Gobierno de la Ciudad de M\u00e9xico.<br \/>Tambi\u00e9n participar\u00e1 en la mesa redonda \u201cCambio Clim\u00e1tico y Retos Sociales\u201d <br \/>Juan Jos\u00e9 Su\u00e1rez Coppel, director General de Petr\u00f3leos Mexicanos. <br \/>Cabe recordar que ICLEI-M\u00e9xico es un espacio donde las autoridades y funcionarios estatales, intercambian experiencias en distintas \u00e1reas de sustentabilidad a nivel local, en las \u00e1reas de obras y servicios p\u00fablicos, medio ambiente, desarrollo sustentable, turismo, alumbrado, transporte, planeaci\u00f3n, eficiencia energ\u00e9tica y planeaci\u00f3n.<\/p>\n<p>POR CIERTO, ma\u00f1ana mi\u00e9rcoles el rector de la Universidad Veracruzana, Ra\u00fal Arias Lovillo, inaugurar\u00e1 la C\u00e1tedra UNESCO \u201cEducaci\u00f3n, Ciudadan\u00eda y Sustentabilidad Ambiental del Desarrollo\u201d, la cual parte de la premisa de que los problemas ambientales son multidimensionales, por lo que no se reducen al enorme deterioro ambiental, sino que impactan de manera directa en la calidad de vida de la poblaci\u00f3n, sobre todo y como siempre sucede, en la de los segmentos m\u00e1s vulnerables. Ya lo dijo hace poco el rector: \u201cen la Universidad Veracruzana es la hora de la sustentabilidad. Nos hemos echado a cuestas la responsabilidad de contribuir a la realizaci\u00f3n de procesos de transformaci\u00f3n institucional que sean ejemplo para la sociedad en materia de sustentabilidad. Con ello, estaremos coadyuvando a que en el estado de Veracruz se implante en la sociedad y en las instituciones una verdadera cultura de la sustentabilidad que asegure el futuro vital de las pr\u00f3ximas generaciones\u201d.<\/p>\n<p>COMO DICEN en mi pueblo, all\u00e1 en la Cuenca del Papaloapan, \u201ceste arroz ya se coci\u00f3\u201d. Y es que de buena fuente sabemos que, salvo imponderables, la pr\u00f3xima presidenta del Instituto Veracruzano de la Mujer ser\u00e1 Edda Ernestina Arrez Rebolledo, quien hasta hace poco se ven\u00eda desempe\u00f1ando como directora del Servicio Nacional de Empleo en Veracruz. As\u00ed, se repite la historia de hace tres a\u00f1os cuando Marta Mendoza Parissi fue ungida como titular del IVM procedente precisamente de la oficina que ahora deja Edda Arrez. La designaci\u00f3n formal por parte del Ejecutivo estatal se efectuar\u00e1 el pr\u00f3ximo jueves o un poco antes. La decisi\u00f3n no fue f\u00e1cil, dado que las otras integrantes de la terna, Estela Casados y M\u00f3nica Mendoza tambi\u00e9n cuentan con sobrados merecimientos para ocupar ese cargo. De manera particular conocemos el estupendo trabajo que ha realizado la antrop\u00f3loga Estela Casados, quien cont\u00f3 con todo el apoyo de la sociedad civil. <\/p>\n<p>CON EL REGRESO a clases de ni\u00f1os y j\u00f3venes, tambi\u00e9n se ver\u00e1 el regreso a las casas de empe\u00f1o de muchos padres de familia, quienes comenzaron desde hace semanas a morderse las u\u00f1as al ver las listas de \u00fatiles escolares, pero sobre todo, los costos que habr\u00edan de erogar para la formaci\u00f3n educativa de los hijos. Ante ello, el gobernador electo, Javier Duarte de Ochoa, como padre de familia que es, sabe de listas de \u00fatiles, de los costos de los mismos, y por eso ha sido sensible a las tribulaciones que los padres de familia tienen que pasar para dar la oportunidad a sus hijos de un mejor futuro. Ha propuesto fortalecer en todos los frentes a la educaci\u00f3n p\u00fablica, principalmente en la atenci\u00f3n a las necesidades del estudiante. Por ejemplo, plane\u00f3 que el n\u00famero de becas se incremente y se dar\u00e1 seguimiento a los ni\u00f1os veracruzanos que por diversas razones no participan de manera sistem\u00e1tica en sus estudios de educaci\u00f3n b\u00e1sica. Por otro lado, en atenci\u00f3n del docente, propuso reforzar su labor mediante un Sistema Estatal de Profesionalizaci\u00f3n del Magisterio. Javier Duarte tiene la convicci\u00f3n que la profesionalizaci\u00f3n redunda en la calidad docente, y esto debe hacerse mejorando sus condiciones laborales y sus ingresos econ\u00f3micos.<\/p>\n","protected":false},"excerpt":{"rendered":"<p>* Fidel Herrera dictar\u00e1 conferencia magistral* Edda Arrez Rebolledo, directora del IVM Jos\u00e9 Ortiz MedinaEn Corto&#8230; sin Cortes Est\u00e1 todo listo para que el pr\u00f3ximo mi\u00e9rcoles sea inaugurado el VIII Congreso Nacional 2010 ICLEI-Gobiernos Locales por la Sustentabilidad que se efectuar\u00e1 en Canc\u00fan. El encuentro culminar\u00e1 el pr\u00f3ximo viernes.Tal y como ya se lo hab\u00edamos [&hellip;]<\/p>\n","protected":false},"author":1,"featured_media":0,"comment_status":"open","ping_status":"open","sticky":false,"template":"","format":"standard","meta":{"_jetpack_newsletter_access":"","_jetpack_dont_email_post_to_subs":false,"_jetpack_newsletter_tier_id":0,"_jetpack_memberships_contains_paywalled_content":false,"_jetpack_memberships_contains_paid_content":false,"footnotes":""},"categories":[1],"tags":[],"class_list":["post-7370","post","type-post","status-publish","format-standard","hentry","category-sin-categoria"],"jetpack_featured_media_url":"","jetpack_sharing_enabled":true,"jetpack_shortlink":"https:\/\/wp.me\/p4Qcd3-1US","_links":{"self":[{"href":"https:\/\/lospoliticosveracruz.com.mx\/index.php?rest_route=\/wp\/v2\/posts\/7370","targetHints":{"allow":["GET"]}}],"collection":[{"href":"https:\/\/lospoliticosveracruz.com.mx\/index.php?rest_route=\/wp\/v2\/posts"}],"about":[{"href":"https:\/\/lospoliticosveracruz.com.mx\/index.php?rest_route=\/wp\/v2\/types\/post"}],"author":[{"embeddable":true,"href":"https:\/\/lospoliticosveracruz.com.mx\/index.php?rest_route=\/wp\/v2\/users\/1"}],"replies":[{"embeddable":true,"href":"https:\/\/lospoliticosveracruz.com.mx\/index.php?rest_route=%2Fwp%2Fv2%2Fcomments&post=7370"}],"version-history":[{"count":0,"href":"https:\/\/lospoliticosveracruz.com.mx\/index.php?rest_route=\/wp\/v2\/posts\/7370\/revisions"}],"wp:attachment":[{"href":"https:\/\/lospoliticosveracruz.com.mx\/index.php?rest_route=%2Fwp%2Fv2%2Fmedia&parent=7370"}],"wp:term":[{"taxonomy":"category","embeddable":true,"href":"https:\/\/lospoliticosveracruz.com.mx\/index.php?rest_route=%2Fwp%2Fv2%2Fcategories&post=7370"},{"taxonomy":"post_tag","embeddable":true,"href":"https:\/\/lospoliticosveracruz.com.mx\/index.php?rest_route=%2Fwp%2Fv2%2Ftags&post=7370"}],"curies":[{"name":"wp","href":"https:\/\/api.w.org\/{rel}","templated":true}]}}