{"id":7372,"date":"2010-08-24T03:58:00","date_gmt":"2010-08-24T03:58:00","guid":{"rendered":"http:\/\/www.lospoliticosveracruz.com.mx\/?p=7372"},"modified":"2014-10-09T03:42:58","modified_gmt":"2014-10-09T03:42:58","slug":"atras-del-gober-municipalista","status":"publish","type":"post","link":"https:\/\/lospoliticosveracruz.com.mx\/?p=7372","title":{"rendered":"Atr\u00e1s del gober municipalista"},"content":{"rendered":"<p><strong>Salvador Mu\u00f1oz<\/strong><br \/><em>Los Pol\u00edticos<\/em><\/p>\n<p>No s\u00e9 cu\u00e1l sea la perspectiva ciudadana respecto a una propuesta que habla de la ampliaci\u00f3n del periodo constitucional en ayuntamientos de tres a cuatro a\u00f1os.<br \/>Y no lo s\u00e9 porque sencillamente nuestras autoridades siguen siendo unilaterales: deciden, act\u00faan y proponen sin tomar en cuenta a la poblaci\u00f3n, vaya, ni con una consulta popular, foros, encuestas o sondeos.<br \/>Seg\u00fan se entiende, ampliar a un a\u00f1o m\u00e1s el periodo de un presidente municipal conllevar\u00eda a un sinf\u00edn de buenas intenciones que en tres a\u00f1os no se pueden dar\u2026<br \/>Es decir, aseguran que con otro a\u00f1ito m\u00e1s, se podr\u00eda mejorar la calidad de las gestiones municipales\u2026<br \/>Con ello, ser\u00eda la poblaci\u00f3n la principal beneficiaria de esta propuesta, aunque no nos hayan tomado en cuenta.<br \/>Igual califican a esta idea de \u201cmunicipalista\u201d de acuerdo a las bondades que atraer\u00eda:<br \/>1.- Aprovechar la experiencia adquirida en los primeros a\u00f1os de cada administraci\u00f3n (algo as\u00ed como echando a perder se aprende), y no se habla s\u00f3lo del alcalde, sino de todo su cuerpo edilicio.<br \/>2.- Con un a\u00f1ote m\u00e1s, habr\u00e1 la posibilidad de programar obras de mayor impacto social como hidr\u00e1ulicas o viales, con periodos de ejecuci\u00f3n de hasta tres a\u00f1os que hoy ninguna administraci\u00f3n se atreve a realizar. \u00bfMmmm? Bueno, habr\u00eda que reconocer en nuestro alcalde xalape\u00f1o la valent\u00eda para poner un elevador que desde hace un a\u00f1o deb\u00eda estar\u2026 \u00a1Y tan campante como si nada! Se le perdona el puente Bachentenario, porque si bien no es responsabilidad suya, hubo un momento en que se lo achacaron\u2026 Lo que s\u00ed est\u00e1 canijo, es el puente peatonal de la calle Veracruz, sobre la avenida L\u00e1zaro C\u00e1rdenas, \u00a1que ni siquiera estaba programado!<br \/>3.- Suponen que habr\u00eda coordinaci\u00f3n institucional con municipios conurbados, y con ese a\u00f1ote, facilitar\u00eda la planeaci\u00f3n de obras intermunicipales. S\u00ed, en tres a\u00f1os est\u00e1 canijo\u2026 y\u2026<br \/>4.- Con ese a\u00f1o de m\u00e1s, dicen que habr\u00eda mayor estabilidad en los gobiernos\u2026 Puede ser, nada m\u00e1s vea qu\u00e9 tan inestable tenemos el de Xalapa, que a cada rato cambiaban titular de desarrollo o de Tr\u00e1nsito municipal.<br \/>Todas las bondades reflejadas en cuatro a\u00f1os, dicen los municipalistas, evitar\u00eda improvisaciones, decisiones precipitadas e interrupci\u00f3n de proyectos de infraestructura.<br \/>A ciencia cierta, no depende a veces un trabajo o administraci\u00f3n municipal, del tiempo que se tiene, sino del alcalde.<br \/>Porque bien podemos tener no cuatro, cinco o seis a\u00f1os de gobierno y tener un presidente municipal que sencillamente no entienda la funci\u00f3n que tiene que desarrollar y entonces s\u00ed ser\u00e1 tiempo perdido.<br \/>Haga un an\u00e1lisis, enfoque a su alcalde y considere si con un a\u00f1o m\u00e1s que tuviera cambiar\u00eda el prisma de las cosas.<br \/>O ll\u00e9velo a otro lado, al diputado, al gobernador\u2026 No depende del tiempo, sino del hombre.<br \/>\u00bfNo dice Fidel que iba por unos cientos de puentes y acab\u00f3 con miles?<br \/>All\u00ed est\u00e1 la clave\u2026 No es el tiempo, los recursos, la ampliaci\u00f3n del periodo constitucional de un gobierno\u2026 \u00a1Es el hombre! \u00a1O la mujer! Depende\u2026, si el gobernante sabe de sus limitaciones, har\u00e1 lo que tenga que hacer en el tiempo que lo tenga que hacer\u2026<br \/>Como Reynaldo Escobar, quien dio inicio al Programa Integral de Saneamiento a sabiendas de que no lo iba a terminar (ni de pagar) en su administraci\u00f3n\u2026<br \/>En fin\u2026 Mientras, el pasado 29 de julio, el gobernador Enrique Pe\u00f1a Nieto presentaba su iniciativa de ampliar el periodo de gobierno en ayuntamientos un a\u00f1o m\u00e1s\u2026 Qui\u00e9n sabe si prospere en el Congreso mexiquense pero en lo que se refiere a dem\u00e1s estados, parece que s\u00ed, pues ya lo sigui\u00f3 Fidel Herrera Beltr\u00e1n.<\/p>\n<p>dor00@hotmail.com<\/p>\n","protected":false},"excerpt":{"rendered":"<p>Salvador Mu\u00f1ozLos Pol\u00edticos No s\u00e9 cu\u00e1l sea la perspectiva ciudadana respecto a una propuesta que habla de la ampliaci\u00f3n del periodo constitucional en ayuntamientos de tres a cuatro a\u00f1os.Y no lo s\u00e9 porque sencillamente nuestras autoridades siguen siendo unilaterales: deciden, act\u00faan y proponen sin tomar en cuenta a la poblaci\u00f3n, vaya, ni con una consulta [&hellip;]<\/p>\n","protected":false},"author":1,"featured_media":0,"comment_status":"open","ping_status":"open","sticky":false,"template":"","format":"standard","meta":{"_jetpack_newsletter_access":"","_jetpack_dont_email_post_to_subs":false,"_jetpack_newsletter_tier_id":0,"_jetpack_memberships_contains_paywalled_content":false,"_jetpack_memberships_contains_paid_content":false,"footnotes":""},"categories":[1],"tags":[],"class_list":["post-7372","post","type-post","status-publish","format-standard","hentry","category-sin-categoria"],"jetpack_featured_media_url":"","jetpack_sharing_enabled":true,"jetpack_shortlink":"https:\/\/wp.me\/p4Qcd3-1UU","_links":{"self":[{"href":"https:\/\/lospoliticosveracruz.com.mx\/index.php?rest_route=\/wp\/v2\/posts\/7372","targetHints":{"allow":["GET"]}}],"collection":[{"href":"https:\/\/lospoliticosveracruz.com.mx\/index.php?rest_route=\/wp\/v2\/posts"}],"about":[{"href":"https:\/\/lospoliticosveracruz.com.mx\/index.php?rest_route=\/wp\/v2\/types\/post"}],"author":[{"embeddable":true,"href":"https:\/\/lospoliticosveracruz.com.mx\/index.php?rest_route=\/wp\/v2\/users\/1"}],"replies":[{"embeddable":true,"href":"https:\/\/lospoliticosveracruz.com.mx\/index.php?rest_route=%2Fwp%2Fv2%2Fcomments&post=7372"}],"version-history":[{"count":0,"href":"https:\/\/lospoliticosveracruz.com.mx\/index.php?rest_route=\/wp\/v2\/posts\/7372\/revisions"}],"wp:attachment":[{"href":"https:\/\/lospoliticosveracruz.com.mx\/index.php?rest_route=%2Fwp%2Fv2%2Fmedia&parent=7372"}],"wp:term":[{"taxonomy":"category","embeddable":true,"href":"https:\/\/lospoliticosveracruz.com.mx\/index.php?rest_route=%2Fwp%2Fv2%2Fcategories&post=7372"},{"taxonomy":"post_tag","embeddable":true,"href":"https:\/\/lospoliticosveracruz.com.mx\/index.php?rest_route=%2Fwp%2Fv2%2Ftags&post=7372"}],"curies":[{"name":"wp","href":"https:\/\/api.w.org\/{rel}","templated":true}]}}